{"id":22896,"date":"2026-04-03T10:30:00","date_gmt":"2026-04-03T13:30:00","guid":{"rendered":"https:\/\/diariodepernambuco.audiencelabs.com.br\/?p=22896"},"modified":"2026-03-30T19:07:13","modified_gmt":"2026-03-30T22:07:13","slug":"quando-sera-lancado-o-album-da-copa-do-mundo-2026","status":"publish","type":"post","link":"https:\/\/diariodepernambuco.audiencelabs.com.br\/quando-sera-lancado-o-album-da-copa-do-mundo-2026\/","title":{"rendered":"Quando ser\u00e1 lan\u00e7ado o \u00e1lbum da Copa do Mundo 2026?"},"content":{"rendered":"\n<p>O \u00e1lbum oficial da Copa do Mundo de 2026 promete ser o maior de todos os tempos. Para quem gosta, colecionar figurinhas vai ser uma experi\u00eancia ainda mais desafiadora este ano, j\u00e1 que, pela primeira vez, 48 sele\u00e7\u00f5es est\u00e3o participando da competi\u00e7\u00e3o.<\/p>\n\n\n\n<p>A expectativa \u00e9 que o \u00e1lbum re\u00fana cerca de 980 figurinhas espalhadas em 112 p\u00e1ginas, registrando jogadores, est\u00e1dios, mascote, trof\u00e9u e a bola oficial do torneio.<\/p>\n\n\n\n<p>Cada sele\u00e7\u00e3o ter\u00e1 espa\u00e7o para aproximadamente 20 jogadores, enquanto o restante do \u00e1lbum ser\u00e1 dedicado a momentos especiais e detalhes da Copa.<\/p>\n\n\n\n<h2 class=\"wp-block-heading\">Datas e pre\u00e7os<\/h2>\n\n\n\n<p>A pr\u00e9-venda est\u00e1 prevista para <strong>1\u00ba de abril<\/strong>, no site oficial da editora Panini. J\u00e1 o lan\u00e7amento oficial \u00e9 esperado para o <strong>final de abril ou in\u00edcio de maio<\/strong>.<\/p>\n\n\n\n<p>Cada pacotinho de figurinhas poder\u00e1 custar R$ 7, com 7 figurinhas por pacote. Ou seja, mesmo com o aumento no n\u00famero de cromos, os pacotinhos maiores v\u00e3o ajudar os colecionadores a completar o \u00e1lbum mais r\u00e1pido.<\/p>\n\n\n\n<p>Se voc\u00ea gosta de colecionar, vale a pena garantir o \u00e1lbum na pr\u00e9-venda para come\u00e7ar a cole\u00e7\u00e3o antes mesmo da Copa come\u00e7ar!<\/p>\n","protected":false},"excerpt":{"rendered":"<p>O \u00e1lbum oficial da Copa do Mundo de 2026 promete ser o maior de todos os tempos. Para quem gosta, colecionar figurinhas vai ser uma experi\u00eancia ainda mais desafiadora este ano, j\u00e1 que, pela primeira vez, 48 sele\u00e7\u00f5es est\u00e3o participando da competi\u00e7\u00e3o. A expectativa \u00e9 que o \u00e1lbum re\u00fana cerca de 980 figurinhas espalhadas em [&hellip;]<\/p>\n","protected":false},"author":17,"featured_media":17816,"comment_status":"open","ping_status":"open","sticky":false,"template":"","format":"standard","meta":{"jnews-multi-image_gallery":[],"jnews_single_post":{"format":"standard"},"jnews_primary_category":[],"jnews_social_meta":[],"jnews_post_split":[],"footnotes":""},"categories":[1],"tags":[],"class_list":["post-22896","post","type-post","status-publish","format-standard","has-post-thumbnail","hentry","category-uncategorized"],"_links":{"self":[{"href":"https:\/\/diariodepernambuco.audiencelabs.com.br\/wp-json\/wp\/v2\/posts\/22896","targetHints":{"allow":["GET"]}}],"collection":[{"href":"https:\/\/diariodepernambuco.audiencelabs.com.br\/wp-json\/wp\/v2\/posts"}],"about":[{"href":"https:\/\/diariodepernambuco.audiencelabs.com.br\/wp-json\/wp\/v2\/types\/post"}],"author":[{"embeddable":true,"href":"https:\/\/diariodepernambuco.audiencelabs.com.br\/wp-json\/wp\/v2\/users\/17"}],"replies":[{"embeddable":true,"href":"https:\/\/diariodepernambuco.audiencelabs.com.br\/wp-json\/wp\/v2\/comments?post=22896"}],"version-history":[{"count":3,"href":"https:\/\/diariodepernambuco.audiencelabs.com.br\/wp-json\/wp\/v2\/posts\/22896\/revisions"}],"predecessor-version":[{"id":23358,"href":"https:\/\/diariodepernambuco.audiencelabs.com.br\/wp-json\/wp\/v2\/posts\/22896\/revisions\/23358"}],"wp:featuredmedia":[{"embeddable":true,"href":"https:\/\/diariodepernambuco.audiencelabs.com.br\/wp-json\/wp\/v2\/media\/17816"}],"wp:attachment":[{"href":"https:\/\/diariodepernambuco.audiencelabs.com.br\/wp-json\/wp\/v2\/media?parent=22896"}],"wp:term":[{"taxonomy":"category","embeddable":true,"href":"https:\/\/diariodepernambuco.audiencelabs.com.br\/wp-json\/wp\/v2\/categories?post=22896"},{"taxonomy":"post_tag","embeddable":true,"href":"https:\/\/diariodepernambuco.audiencelabs.com.br\/wp-json\/wp\/v2\/tags?post=22896"}],"curies":[{"name":"wp","href":"https:\/\/api.w.org\/{rel}","templated":true}]}}