{"id":22897,"date":"2026-03-31T19:40:00","date_gmt":"2026-03-31T22:40:00","guid":{"rendered":"https:\/\/diariodepernambuco.audiencelabs.com.br\/?p=22897"},"modified":"2026-03-30T18:51:28","modified_gmt":"2026-03-30T21:51:28","slug":"lei-aprovada-proibe-menores-de-16-anos-de-utilizarem-redes-sociais-neste-pais","status":"publish","type":"post","link":"https:\/\/diariodepernambuco.audiencelabs.com.br\/lei-aprovada-proibe-menores-de-16-anos-de-utilizarem-redes-sociais-neste-pais\/","title":{"rendered":"Lei aprovada pro\u00edbe menores de 16 anos de utilizarem redes sociais neste pa\u00eds"},"content":{"rendered":"\n<p>Cerca de 70 milh\u00f5es de crian\u00e7as e adolescentes foram impactados por uma nova legisla\u00e7\u00e3o na Indon\u00e9sia, que passou a proibir o uso de redes sociais por menores de 16 anos. A medida entrou em vigor no \u00faltimo s\u00e1bado (28) e j\u00e1 \u00e9 considerada uma das mais r\u00edgidas do mundo quando se trata de regulamenta\u00e7\u00e3o do ambiente digital para jovens.<\/p>\n\n\n\n<p>A decis\u00e3o tem como principal objetivo proteger crian\u00e7as e adolescentes dos riscos associados ao uso excessivo das plataformas digitais, como exposi\u00e7\u00e3o a conte\u00fados inadequados, cyberbullying e impactos na sa\u00fade mental. Autoridades do pa\u00eds destacam que a iniciativa busca criar um ambiente mais seguro, al\u00e9m de incentivar h\u00e1bitos mais saud\u00e1veis fora do ambiente online.<\/p>\n\n\n\n<p>Com a nova lei, empresas de tecnologia e plataformas digitais dever\u00e3o adotar mecanismos mais rigorosos de verifica\u00e7\u00e3o de idade, impedindo o acesso de menores. O descumprimento das regras pode resultar em penalidades para as companhias, o que deve for\u00e7ar mudan\u00e7as significativas na forma como esses servi\u00e7os operam dentro do pa\u00eds.<\/p>\n\n\n\n<p>A medida tamb\u00e9m levanta debates internacionais sobre liberdade digital e o papel dos governos na regulamenta\u00e7\u00e3o da internet. Enquanto alguns defendem a prote\u00e7\u00e3o dos jovens como prioridade, outros questionam os limites dessa interven\u00e7\u00e3o. O caso da Indon\u00e9sia pode servir de refer\u00eancia para outras na\u00e7\u00f5es que discutem regras semelhantes.<\/p>\n\n\n\n<h2 class=\"wp-block-heading\">Debate global sobre limites e prote\u00e7\u00e3o no ambiente digital<\/h2>\n\n\n\n<p>A nova legisla\u00e7\u00e3o da Indon\u00e9sia reacende discuss\u00f5es em diversos pa\u00edses sobre at\u00e9 que ponto o uso de redes sociais deve ser regulado para menores de idade. Especialistas apontam que, embora a medida possa trazer benef\u00edcios na prote\u00e7\u00e3o dos jovens, ela tamb\u00e9m exige fiscaliza\u00e7\u00e3o rigorosa e adapta\u00e7\u00e3o por parte das fam\u00edlias e das pr\u00f3prias plataformas digitais.<\/p>\n\n\n\n<p>Ao mesmo tempo, a decis\u00e3o pode influenciar outras na\u00e7\u00f5es a adotarem regras semelhantes, principalmente diante do aumento das preocupa\u00e7\u00f5es com sa\u00fade mental e seguran\u00e7a online. O desafio ser\u00e1 encontrar um equil\u00edbrio entre garantir a prote\u00e7\u00e3o de crian\u00e7as e adolescentes e preservar o acesso \u00e0 informa\u00e7\u00e3o e \u00e0 comunica\u00e7\u00e3o em um mundo cada vez mais conectado.<\/p>\n\n\n\n<p><\/p>\n","protected":false},"excerpt":{"rendered":"<p>Cerca de 70 milh\u00f5es de crian\u00e7as e adolescentes foram impactados por uma nova legisla\u00e7\u00e3o na Indon\u00e9sia, que passou a proibir o uso de redes sociais por menores de 16 anos. A medida entrou em vigor no \u00faltimo s\u00e1bado (28) e j\u00e1 \u00e9 considerada uma das mais r\u00edgidas do mundo quando se trata de regulamenta\u00e7\u00e3o do [&hellip;]<\/p>\n","protected":false},"author":4,"featured_media":22902,"comment_status":"open","ping_status":"open","sticky":false,"template":"","format":"standard","meta":{"jnews-multi-image_gallery":[],"jnews_single_post":{"format":"standard"},"jnews_primary_category":[],"jnews_social_meta":[],"jnews_post_split":[],"footnotes":""},"categories":[1],"tags":[],"class_list":["post-22897","post","type-post","status-publish","format-standard","has-post-thumbnail","hentry","category-uncategorized"],"_links":{"self":[{"href":"https:\/\/diariodepernambuco.audiencelabs.com.br\/wp-json\/wp\/v2\/posts\/22897","targetHints":{"allow":["GET"]}}],"collection":[{"href":"https:\/\/diariodepernambuco.audiencelabs.com.br\/wp-json\/wp\/v2\/posts"}],"about":[{"href":"https:\/\/diariodepernambuco.audiencelabs.com.br\/wp-json\/wp\/v2\/types\/post"}],"author":[{"embeddable":true,"href":"https:\/\/diariodepernambuco.audiencelabs.com.br\/wp-json\/wp\/v2\/users\/4"}],"replies":[{"embeddable":true,"href":"https:\/\/diariodepernambuco.audiencelabs.com.br\/wp-json\/wp\/v2\/comments?post=22897"}],"version-history":[{"count":2,"href":"https:\/\/diariodepernambuco.audiencelabs.com.br\/wp-json\/wp\/v2\/posts\/22897\/revisions"}],"predecessor-version":[{"id":22903,"href":"https:\/\/diariodepernambuco.audiencelabs.com.br\/wp-json\/wp\/v2\/posts\/22897\/revisions\/22903"}],"wp:featuredmedia":[{"embeddable":true,"href":"https:\/\/diariodepernambuco.audiencelabs.com.br\/wp-json\/wp\/v2\/media\/22902"}],"wp:attachment":[{"href":"https:\/\/diariodepernambuco.audiencelabs.com.br\/wp-json\/wp\/v2\/media?parent=22897"}],"wp:term":[{"taxonomy":"category","embeddable":true,"href":"https:\/\/diariodepernambuco.audiencelabs.com.br\/wp-json\/wp\/v2\/categories?post=22897"},{"taxonomy":"post_tag","embeddable":true,"href":"https:\/\/diariodepernambuco.audiencelabs.com.br\/wp-json\/wp\/v2\/tags?post=22897"}],"curies":[{"name":"wp","href":"https:\/\/api.w.org\/{rel}","templated":true}]}}