{"id":22904,"date":"2026-04-03T18:31:00","date_gmt":"2026-04-03T21:31:00","guid":{"rendered":"https:\/\/diariodepernambuco.audiencelabs.com.br\/?p=22904"},"modified":"2026-03-30T18:54:13","modified_gmt":"2026-03-30T21:54:13","slug":"como-fazer-para-declarar-imovel-no-imposto-de-renda","status":"publish","type":"post","link":"https:\/\/diariodepernambuco.audiencelabs.com.br\/como-fazer-para-declarar-imovel-no-imposto-de-renda\/","title":{"rendered":"Como fazer para declarar im\u00f3vel no Imposto de Renda?"},"content":{"rendered":"\n<p>Declarar um im\u00f3vel no Imposto de Renda \u00e9 uma obriga\u00e7\u00e3o importante para quem possui bens registrados em seu nome. O processo \u00e9 feito por meio da ficha \u201cBens e Direitos\u201d, onde o contribuinte deve informar todos os dados do im\u00f3vel, como tipo (casa, apartamento, terreno), endere\u00e7o completo, data de aquisi\u00e7\u00e3o e forma de pagamento.<\/p>\n\n\n\n<p>Um ponto essencial \u00e9 que o valor do im\u00f3vel declarado deve ser sempre o de aquisi\u00e7\u00e3o, ou seja, o valor pago na \u00e9poca da compra, e n\u00e3o o valor de mercado atualizado. Mesmo que o im\u00f3vel tenha se valorizado ao longo dos anos, essa valoriza\u00e7\u00e3o s\u00f3 ser\u00e1 considerada em caso de venda, quando poder\u00e1 haver incid\u00eancia de ganho de capital e, consequentemente, imposto.<\/p>\n\n\n\n<p>Caso o im\u00f3vel tenha sido financiado, o contribuinte deve informar apenas os valores efetivamente pagos at\u00e9 o momento, incluindo entrada e parcelas quitadas durante o ano-base. J\u00e1 o saldo devedor n\u00e3o deve ser declarado como d\u00edvida separada, pois o pr\u00f3prio sistema entende que o bem ainda est\u00e1 sendo pago. \u00c9 importante detalhar essas informa\u00e7\u00f5es no campo de discrimina\u00e7\u00e3o para evitar inconsist\u00eancias.<\/p>\n\n\n\n<p>Por fim, manter a documenta\u00e7\u00e3o organizada \u00e9 fundamental para evitar problemas com a Receita Federal. Escritura, contrato de compra e venda, comprovantes de pagamento e registros banc\u00e1rios devem ser guardados por v\u00e1rios anos. Declarar corretamente o im\u00f3vel garante mais seguran\u00e7a ao contribuinte e evita cair na malha fina.<\/p>\n\n\n\n<h2 class=\"wp-block-heading\">Cuidados importantes para evitar erros na declara\u00e7\u00e3o<\/h2>\n\n\n\n<p>Na hora de preencher os dados do im\u00f3vel, \u00e9 fundamental ter aten\u00e7\u00e3o redobrada \u00e0s informa\u00e7\u00f5es inseridas, principalmente no campo de discrimina\u00e7\u00e3o. Qualquer inconsist\u00eancia, como valores divergentes ou dados incompletos, pode gerar pend\u00eancias com a Receita Federal e at\u00e9 levar o contribuinte \u00e0 malha fina. Por isso, revisar tudo antes do envio \u00e9 uma etapa indispens\u00e1vel.<\/p>\n\n\n\n<p>Outro ponto importante \u00e9 atualizar a declara\u00e7\u00e3o sempre que houver mudan\u00e7as, como reformas que aumentem o valor do im\u00f3vel ou aquisi\u00e7\u00e3o de novas partes do bem. Esses custos podem ser incorporados ao valor declarado, desde que devidamente comprovados. Manter tudo correto e atualizado facilita processos futuros, especialmente em casos de venda ou transfer\u00eancia do im\u00f3vel.<\/p>\n","protected":false},"excerpt":{"rendered":"<p>Declarar um im\u00f3vel no Imposto de Renda \u00e9 uma obriga\u00e7\u00e3o importante para quem possui bens registrados em seu nome. O processo \u00e9 feito por meio da ficha \u201cBens e Direitos\u201d, onde o contribuinte deve informar todos os dados do im\u00f3vel, como tipo (casa, apartamento, terreno), endere\u00e7o completo, data de aquisi\u00e7\u00e3o e forma de pagamento. Um [&hellip;]<\/p>\n","protected":false},"author":4,"featured_media":670,"comment_status":"open","ping_status":"open","sticky":false,"template":"","format":"standard","meta":{"jnews-multi-image_gallery":[],"jnews_single_post":{"format":"standard"},"jnews_primary_category":[],"jnews_social_meta":[],"jnews_post_split":[],"footnotes":""},"categories":[1],"tags":[],"class_list":["post-22904","post","type-post","status-publish","format-standard","has-post-thumbnail","hentry","category-uncategorized"],"_links":{"self":[{"href":"https:\/\/diariodepernambuco.audiencelabs.com.br\/wp-json\/wp\/v2\/posts\/22904","targetHints":{"allow":["GET"]}}],"collection":[{"href":"https:\/\/diariodepernambuco.audiencelabs.com.br\/wp-json\/wp\/v2\/posts"}],"about":[{"href":"https:\/\/diariodepernambuco.audiencelabs.com.br\/wp-json\/wp\/v2\/types\/post"}],"author":[{"embeddable":true,"href":"https:\/\/diariodepernambuco.audiencelabs.com.br\/wp-json\/wp\/v2\/users\/4"}],"replies":[{"embeddable":true,"href":"https:\/\/diariodepernambuco.audiencelabs.com.br\/wp-json\/wp\/v2\/comments?post=22904"}],"version-history":[{"count":2,"href":"https:\/\/diariodepernambuco.audiencelabs.com.br\/wp-json\/wp\/v2\/posts\/22904\/revisions"}],"predecessor-version":[{"id":22906,"href":"https:\/\/diariodepernambuco.audiencelabs.com.br\/wp-json\/wp\/v2\/posts\/22904\/revisions\/22906"}],"wp:featuredmedia":[{"embeddable":true,"href":"https:\/\/diariodepernambuco.audiencelabs.com.br\/wp-json\/wp\/v2\/media\/670"}],"wp:attachment":[{"href":"https:\/\/diariodepernambuco.audiencelabs.com.br\/wp-json\/wp\/v2\/media?parent=22904"}],"wp:term":[{"taxonomy":"category","embeddable":true,"href":"https:\/\/diariodepernambuco.audiencelabs.com.br\/wp-json\/wp\/v2\/categories?post=22904"},{"taxonomy":"post_tag","embeddable":true,"href":"https:\/\/diariodepernambuco.audiencelabs.com.br\/wp-json\/wp\/v2\/tags?post=22904"}],"curies":[{"name":"wp","href":"https:\/\/api.w.org\/{rel}","templated":true}]}}