{"id":22907,"date":"2026-04-03T14:30:00","date_gmt":"2026-04-03T17:30:00","guid":{"rendered":"https:\/\/diariodepernambuco.audiencelabs.com.br\/?p=22907"},"modified":"2026-03-30T19:06:21","modified_gmt":"2026-03-30T22:06:21","slug":"nova-variacao-da-covid-pode-causar-outra-pandemia","status":"publish","type":"post","link":"https:\/\/diariodepernambuco.audiencelabs.com.br\/nova-variacao-da-covid-pode-causar-outra-pandemia\/","title":{"rendered":"Nova varia\u00e7\u00e3o da Covid pode causar outra pandemia?"},"content":{"rendered":"\n<p>Uma nova variante da COVID-19, identificada como BA.3.2 e apelidada de \u201cCicada\u201d, tem chamado a aten\u00e7\u00e3o de cientistas e autoridades de sa\u00fade em todo o mundo. Detectada inicialmente na \u00c1frica do Sul, a cepa j\u00e1 foi registrada em pelo menos 23 pa\u00edses, com crescimento mais acentuado entre o fim de 2025 e o in\u00edcio de 2026.<\/p>\n\n\n\n<p>Um dos pontos mais preocupantes \u00e9 o chamado \u201cescape imunol\u00f3gico\u201d, ou seja, a capacidade da variante de driblar os anticorpos gerados por vacinas ou infec\u00e7\u00f5es anteriores. Isso acontece porque a BA.3.2 possui dezenas de altera\u00e7\u00f5es na prote\u00edna spike, estrutura usada pelo v\u00edrus para infectar c\u00e9lulas humanas.<\/p>\n\n\n\n<p>Mesmo assim, especialistas refor\u00e7am que as vacinas ainda seguem sendo importantes para evitar casos graves. Apesar da r\u00e1pida expans\u00e3o global, n\u00e3o h\u00e1, at\u00e9 o momento, evid\u00eancias de que essa nova variante cause quadros mais graves da doen\u00e7a ou aumente as taxas de hospitaliza\u00e7\u00e3o.<\/p>\n\n\n\n<p>Organiza\u00e7\u00f5es internacionais de sa\u00fade afirmam que o cen\u00e1rio atual \u00e9 de monitoramento, e n\u00e3o de alerta m\u00e1ximo, como ocorreu no in\u00edcio da pandemia. Diante disso, a possibilidade de uma nova pandemia ainda \u00e9 considerada baixa no momento, mas n\u00e3o totalmente descartada.<\/p>\n\n\n\n<h2 class=\"wp-block-heading\">Monitoramento cont\u00ednuo e import\u00e2ncia da preven\u00e7\u00e3o<\/h2>\n\n\n\n<p>Autoridades de sa\u00fade seguem acompanhando de perto a evolu\u00e7\u00e3o da nova variante da COVID-19, com o objetivo de identificar rapidamente qualquer mudan\u00e7a no comportamento do v\u00edrus. Esse monitoramento constante permite que medidas sejam adotadas com mais agilidade, evitando cen\u00e1rios mais graves como os registrados nos primeiros anos da pandemia.<\/p>\n\n\n\n<p>Mesmo com o cen\u00e1rio sob controle, especialistas refor\u00e7am que a preven\u00e7\u00e3o continua sendo essencial. Manter a vacina\u00e7\u00e3o atualizada, adotar cuidados b\u00e1sicos de higiene e ficar atento a sintomas s\u00e3o atitudes que ajudam a reduzir a dissemina\u00e7\u00e3o do v\u00edrus. A experi\u00eancia recente mostra que a vigil\u00e2ncia \u00e9 a melhor forma de evitar novos surtos em larga escala.<\/p>\n\n\n\n<p><\/p>\n","protected":false},"excerpt":{"rendered":"<p>Uma nova variante da COVID-19, identificada como BA.3.2 e apelidada de \u201cCicada\u201d, tem chamado a aten\u00e7\u00e3o de cientistas e autoridades de sa\u00fade em todo o mundo. Detectada inicialmente na \u00c1frica do Sul, a cepa j\u00e1 foi registrada em pelo menos 23 pa\u00edses, com crescimento mais acentuado entre o fim de 2025 e o in\u00edcio de [&hellip;]<\/p>\n","protected":false},"author":4,"featured_media":22910,"comment_status":"open","ping_status":"open","sticky":false,"template":"","format":"standard","meta":{"jnews-multi-image_gallery":[],"jnews_single_post":{"format":"standard"},"jnews_primary_category":[],"jnews_social_meta":[],"jnews_post_split":[],"footnotes":""},"categories":[1],"tags":[],"class_list":["post-22907","post","type-post","status-publish","format-standard","has-post-thumbnail","hentry","category-uncategorized"],"_links":{"self":[{"href":"https:\/\/diariodepernambuco.audiencelabs.com.br\/wp-json\/wp\/v2\/posts\/22907","targetHints":{"allow":["GET"]}}],"collection":[{"href":"https:\/\/diariodepernambuco.audiencelabs.com.br\/wp-json\/wp\/v2\/posts"}],"about":[{"href":"https:\/\/diariodepernambuco.audiencelabs.com.br\/wp-json\/wp\/v2\/types\/post"}],"author":[{"embeddable":true,"href":"https:\/\/diariodepernambuco.audiencelabs.com.br\/wp-json\/wp\/v2\/users\/4"}],"replies":[{"embeddable":true,"href":"https:\/\/diariodepernambuco.audiencelabs.com.br\/wp-json\/wp\/v2\/comments?post=22907"}],"version-history":[{"count":3,"href":"https:\/\/diariodepernambuco.audiencelabs.com.br\/wp-json\/wp\/v2\/posts\/22907\/revisions"}],"predecessor-version":[{"id":22911,"href":"https:\/\/diariodepernambuco.audiencelabs.com.br\/wp-json\/wp\/v2\/posts\/22907\/revisions\/22911"}],"wp:featuredmedia":[{"embeddable":true,"href":"https:\/\/diariodepernambuco.audiencelabs.com.br\/wp-json\/wp\/v2\/media\/22910"}],"wp:attachment":[{"href":"https:\/\/diariodepernambuco.audiencelabs.com.br\/wp-json\/wp\/v2\/media?parent=22907"}],"wp:term":[{"taxonomy":"category","embeddable":true,"href":"https:\/\/diariodepernambuco.audiencelabs.com.br\/wp-json\/wp\/v2\/categories?post=22907"},{"taxonomy":"post_tag","embeddable":true,"href":"https:\/\/diariodepernambuco.audiencelabs.com.br\/wp-json\/wp\/v2\/tags?post=22907"}],"curies":[{"name":"wp","href":"https:\/\/api.w.org\/{rel}","templated":true}]}}