{"id":22914,"date":"2026-04-03T07:15:00","date_gmt":"2026-04-03T10:15:00","guid":{"rendered":"https:\/\/diariodepernambuco.audiencelabs.com.br\/?p=22914"},"modified":"2026-03-30T19:13:16","modified_gmt":"2026-03-30T22:13:16","slug":"maior-mansao-do-brasil-custa-quase-r-1-bilhao-e-a-dona-apresenta-um-programa-de-tv","status":"publish","type":"post","link":"https:\/\/diariodepernambuco.audiencelabs.com.br\/maior-mansao-do-brasil-custa-quase-r-1-bilhao-e-a-dona-apresenta-um-programa-de-tv\/","title":{"rendered":"Maior mans\u00e3o do Brasil custa quase R$ 1 bilh\u00e3o e a dona apresenta um programa de TV"},"content":{"rendered":"\n<p>A maior mans\u00e3o do Brasil impressiona n\u00e3o apenas pelo tamanho, mas tamb\u00e9m pelo valor estimado: cerca de R$ 1 bilh\u00e3o. O im\u00f3vel pertence \u00e0 apresentadora Daniela Albuquerque, conhecida por comandar atra\u00e7\u00f5es na televis\u00e3o brasileira. A propriedade chama aten\u00e7\u00e3o por reunir luxo extremo, estrutura grandiosa e detalhes dignos de resorts internacionais.<\/p>\n\n\n\n<p>Localizada em Alphaville, na Grande S\u00e3o Paulo, a resid\u00eancia possui cerca de 17,8 mil metros quadrados de \u00e1rea constru\u00edda. O espa\u00e7o inclui 18 quartos, 14 banheiros, diversas \u00e1reas de lazer e at\u00e9 um cinema particular com capacidade para dezenas de pessoas. A grandiosidade do im\u00f3vel refor\u00e7a o status de uma das propriedades mais luxuosas j\u00e1 vistas no pa\u00eds.<\/p>\n\n\n\n<p>Entre os diferenciais mais impressionantes est\u00e3o o heliporto e um hangar capaz de abrigar at\u00e9 quatro aeronaves, algo raro mesmo entre mans\u00f5es de alto padr\u00e3o. Al\u00e9m disso, a casa conta com piscinas, quadra esportiva, sal\u00f5es de festa e jardins inspirados em refer\u00eancias europeias, criando um ambiente que mistura sofistica\u00e7\u00e3o e exclusividade.<\/p>\n\n\n\n<p>A mans\u00e3o pertence \u00e0 apresentadora e ao empres\u00e1rio Amilcare Dallevo Jr., um dos donos da RedeTV!, emissora onde Daniela construiu sua carreira. O im\u00f3vel se tornou s\u00edmbolo de luxo no Brasil e frequentemente chama a aten\u00e7\u00e3o nas redes sociais, despertando curiosidade sobre a vida de grandes personalidades da televis\u00e3o.<\/p>\n\n\n\n<h2 class=\"wp-block-heading\">Luxo, ostenta\u00e7\u00e3o e curiosidade nas redes sociais<\/h2>\n\n\n\n<p>A mans\u00e3o de Daniela Albuquerque n\u00e3o chama aten\u00e7\u00e3o apenas pelo valor bilion\u00e1rio, mas tamb\u00e9m pela repercuss\u00e3o que gera nas redes sociais. V\u00eddeos e imagens do im\u00f3vel costumam viralizar, despertando curiosidade do p\u00fablico sobre os detalhes da resid\u00eancia e o estilo de vida da apresentadora.<\/p>\n\n\n\n<p>Al\u00e9m disso, o im\u00f3vel se tornou um verdadeiro s\u00edmbolo de ostenta\u00e7\u00e3o no Brasil, sendo frequentemente comparado a propriedades de celebridades internacionais. A grandiosidade e os itens exclusivos refor\u00e7am o interesse do p\u00fablico por conte\u00fados ligados ao luxo, mostrando como esse tipo de patrim\u00f4nio continua fascinando milh\u00f5es de pessoas.<\/p>\n","protected":false},"excerpt":{"rendered":"<p>A maior mans\u00e3o do Brasil impressiona n\u00e3o apenas pelo tamanho, mas tamb\u00e9m pelo valor estimado: cerca de R$ 1 bilh\u00e3o. O im\u00f3vel pertence \u00e0 apresentadora Daniela Albuquerque, conhecida por comandar atra\u00e7\u00f5es na televis\u00e3o brasileira. A propriedade chama aten\u00e7\u00e3o por reunir luxo extremo, estrutura grandiosa e detalhes dignos de resorts internacionais. Localizada em Alphaville, na Grande [&hellip;]<\/p>\n","protected":false},"author":4,"featured_media":11170,"comment_status":"open","ping_status":"open","sticky":false,"template":"","format":"standard","meta":{"jnews-multi-image_gallery":[],"jnews_single_post":{"format":"standard"},"jnews_primary_category":[],"jnews_social_meta":[],"jnews_post_split":[],"footnotes":""},"categories":[1],"tags":[],"class_list":["post-22914","post","type-post","status-publish","format-standard","has-post-thumbnail","hentry","category-uncategorized"],"_links":{"self":[{"href":"https:\/\/diariodepernambuco.audiencelabs.com.br\/wp-json\/wp\/v2\/posts\/22914","targetHints":{"allow":["GET"]}}],"collection":[{"href":"https:\/\/diariodepernambuco.audiencelabs.com.br\/wp-json\/wp\/v2\/posts"}],"about":[{"href":"https:\/\/diariodepernambuco.audiencelabs.com.br\/wp-json\/wp\/v2\/types\/post"}],"author":[{"embeddable":true,"href":"https:\/\/diariodepernambuco.audiencelabs.com.br\/wp-json\/wp\/v2\/users\/4"}],"replies":[{"embeddable":true,"href":"https:\/\/diariodepernambuco.audiencelabs.com.br\/wp-json\/wp\/v2\/comments?post=22914"}],"version-history":[{"count":2,"href":"https:\/\/diariodepernambuco.audiencelabs.com.br\/wp-json\/wp\/v2\/posts\/22914\/revisions"}],"predecessor-version":[{"id":22918,"href":"https:\/\/diariodepernambuco.audiencelabs.com.br\/wp-json\/wp\/v2\/posts\/22914\/revisions\/22918"}],"wp:featuredmedia":[{"embeddable":true,"href":"https:\/\/diariodepernambuco.audiencelabs.com.br\/wp-json\/wp\/v2\/media\/11170"}],"wp:attachment":[{"href":"https:\/\/diariodepernambuco.audiencelabs.com.br\/wp-json\/wp\/v2\/media?parent=22914"}],"wp:term":[{"taxonomy":"category","embeddable":true,"href":"https:\/\/diariodepernambuco.audiencelabs.com.br\/wp-json\/wp\/v2\/categories?post=22914"},{"taxonomy":"post_tag","embeddable":true,"href":"https:\/\/diariodepernambuco.audiencelabs.com.br\/wp-json\/wp\/v2\/tags?post=22914"}],"curies":[{"name":"wp","href":"https:\/\/api.w.org\/{rel}","templated":true}]}}