{"id":22935,"date":"2026-04-03T22:15:00","date_gmt":"2026-04-04T01:15:00","guid":{"rendered":"https:\/\/diariodepernambuco.audiencelabs.com.br\/?p=22935"},"modified":"2026-04-04T10:33:44","modified_gmt":"2026-04-04T13:33:44","slug":"asia-tem-apenas-um-pais-que-fala-portugues-com-mais-de-1-milhao-de-habitantes","status":"publish","type":"post","link":"https:\/\/diariodepernambuco.audiencelabs.com.br\/asia-tem-apenas-um-pais-que-fala-portugues-com-mais-de-1-milhao-de-habitantes\/","title":{"rendered":"\u00c1sia tem apenas um pa\u00eds que fala portugu\u00eas, com mais de 1 milh\u00e3o de habitantes"},"content":{"rendered":"\n<p>No Sudeste Asi\u00e1tico existe um pa\u00eds pequeno, de um pouco mais de 1,3 milh\u00e3o de habitantes, que \u00e9 o \u00fanico lugar na \u00c1sia onde o portugu\u00eas \u00e9 l\u00edngua oficial, junto com o t\u00e9tum. Trata-se do Timor-Leste, pa\u00eds de cultura e tradi\u00e7\u00f5es locais \u00fanicas, com influ\u00eancias portuguesas.<\/p>\n\n\n\n<p>Ainda \u00e9 poss\u00edvel ver o legado da coloniza\u00e7\u00e3o de Portugal em igrejas antigas, nomes de ruas e na arquitetura de algumas cidades. A religi\u00e3o cat\u00f3lica tamb\u00e9m \u00e9 forte e muitas festas misturam costumes portugueses e locais.<\/p>\n\n\n\n<h2 class=\"wp-block-heading\">Dificuldades com o portugu\u00eas<\/h2>\n\n\n\n<p>Durante muitos anos, quando o territ\u00f3rio foi ocupado por outro pa\u00eds, o portugu\u00eas foi proibido nas escolas e \u00f3rg\u00e3os p\u00fablicos. Por isso, v\u00e1rias gera\u00e7\u00f5es cresceram sem aprender direito o idioma. Hoje, o portugu\u00eas divide espa\u00e7o com o t\u00e9tum, ingl\u00eas e indon\u00e9sio, e o governo trabalha para que mais pessoas aprendam e usem a l\u00edngua no dia a dia.<\/p>\n\n\n\n<h2 class=\"wp-block-heading\">Mantendo a l\u00edngua viva<\/h2>\n\n\n\n<p>O pa\u00eds tem investido na educa\u00e7\u00e3o em portugu\u00eas, ajudando crian\u00e7as e jovens a aprenderem o idioma. Isso fortalece a cultura e aproxima Timor-Leste de outros pa\u00edses que falam portugu\u00eas no mundo.<\/p>\n\n\n\n<p>Al\u00e9m da l\u00edngua, Timor-Leste \u00e9 conhecido por praias bonitas e pela tradi\u00e7\u00e3o popular muito forte.<\/p>\n","protected":false},"excerpt":{"rendered":"<p>No Sudeste Asi\u00e1tico existe um pa\u00eds pequeno, de um pouco mais de 1,3 milh\u00e3o de habitantes, que \u00e9 o \u00fanico lugar na \u00c1sia onde o portugu\u00eas \u00e9 l\u00edngua oficial, junto com o t\u00e9tum. Trata-se do Timor-Leste, pa\u00eds de cultura e tradi\u00e7\u00f5es locais \u00fanicas, com influ\u00eancias portuguesas. Ainda \u00e9 poss\u00edvel ver o legado da coloniza\u00e7\u00e3o de [&hellip;]<\/p>\n","protected":false},"author":17,"featured_media":22940,"comment_status":"open","ping_status":"open","sticky":false,"template":"","format":"standard","meta":{"jnews-multi-image_gallery":[],"jnews_single_post":{"format":"standard"},"jnews_primary_category":[],"jnews_social_meta":[],"jnews_post_split":[],"footnotes":""},"categories":[1],"tags":[],"class_list":["post-22935","post","type-post","status-publish","format-standard","has-post-thumbnail","hentry","category-uncategorized"],"_links":{"self":[{"href":"https:\/\/diariodepernambuco.audiencelabs.com.br\/wp-json\/wp\/v2\/posts\/22935","targetHints":{"allow":["GET"]}}],"collection":[{"href":"https:\/\/diariodepernambuco.audiencelabs.com.br\/wp-json\/wp\/v2\/posts"}],"about":[{"href":"https:\/\/diariodepernambuco.audiencelabs.com.br\/wp-json\/wp\/v2\/types\/post"}],"author":[{"embeddable":true,"href":"https:\/\/diariodepernambuco.audiencelabs.com.br\/wp-json\/wp\/v2\/users\/17"}],"replies":[{"embeddable":true,"href":"https:\/\/diariodepernambuco.audiencelabs.com.br\/wp-json\/wp\/v2\/comments?post=22935"}],"version-history":[{"count":3,"href":"https:\/\/diariodepernambuco.audiencelabs.com.br\/wp-json\/wp\/v2\/posts\/22935\/revisions"}],"predecessor-version":[{"id":23480,"href":"https:\/\/diariodepernambuco.audiencelabs.com.br\/wp-json\/wp\/v2\/posts\/22935\/revisions\/23480"}],"wp:featuredmedia":[{"embeddable":true,"href":"https:\/\/diariodepernambuco.audiencelabs.com.br\/wp-json\/wp\/v2\/media\/22940"}],"wp:attachment":[{"href":"https:\/\/diariodepernambuco.audiencelabs.com.br\/wp-json\/wp\/v2\/media?parent=22935"}],"wp:term":[{"taxonomy":"category","embeddable":true,"href":"https:\/\/diariodepernambuco.audiencelabs.com.br\/wp-json\/wp\/v2\/categories?post=22935"},{"taxonomy":"post_tag","embeddable":true,"href":"https:\/\/diariodepernambuco.audiencelabs.com.br\/wp-json\/wp\/v2\/tags?post=22935"}],"curies":[{"name":"wp","href":"https:\/\/api.w.org\/{rel}","templated":true}]}}