{"id":22936,"date":"2026-04-04T00:38:00","date_gmt":"2026-04-04T03:38:00","guid":{"rendered":"https:\/\/diariodepernambuco.audiencelabs.com.br\/?p=22936"},"modified":"2026-04-02T19:36:31","modified_gmt":"2026-04-02T22:36:31","slug":"clt-muda-regras-e-trabalhadores-podem-perder-direito-a-ferias","status":"publish","type":"post","link":"https:\/\/diariodepernambuco.audiencelabs.com.br\/clt-muda-regras-e-trabalhadores-podem-perder-direito-a-ferias\/","title":{"rendered":"Regra da CLT faz com que trabalhadores acabem perdendo direito \u00e0s f\u00e9rias"},"content":{"rendered":"\n<p>As regras da Consolida\u00e7\u00e3o das Leis do Trabalho passaram por atualiza\u00e7\u00f5es recentes que exigem mais aten\u00e7\u00e3o dos trabalhadores em 2026. Embora o direito \u00e0s f\u00e9rias continue garantido ap\u00f3s 12 meses de trabalho, mudan\u00e7as na aplica\u00e7\u00e3o da lei e no controle de faltas podem impactar diretamente o tempo de descanso \u2014 e, em alguns casos, at\u00e9 levar \u00e0 perda total do benef\u00edcio.<\/p>\n\n\n\n<p>Um dos principais pontos envolve as faltas injustificadas ao longo do per\u00edodo de trabalho. Pela legisla\u00e7\u00e3o, o trabalhador que ultrapassar determinados limites pode ter os dias de f\u00e9rias reduzidos progressivamente. E a situa\u00e7\u00e3o se torna ainda mais cr\u00edtica quando o n\u00famero de faltas supera 32 no per\u00edodo aquisitivo: nesse caso, o empregado pode perder completamente o direito \u00e0s f\u00e9rias naquele ciclo.<\/p>\n\n\n\n<p>Al\u00e9m disso, as regras sobre divis\u00e3o das f\u00e9rias tamb\u00e9m ficaram mais r\u00edgidas. O descanso pode ser fracionado em at\u00e9 tr\u00eas per\u00edodos, mas com exig\u00eancias m\u00ednimas \u2014 como um per\u00edodo de pelo menos 14 dias corridos \u2014 e necessidade de \u0570\u0561\u0574\u0561\u0571\u0561\u0575\u0576 entre empregado e empresa. Essas mudan\u00e7as buscam garantir que o trabalhador realmente descanse, evitando per\u00edodos muito curtos que prejudiquem a recupera\u00e7\u00e3o f\u00edsica e mental.<\/p>\n\n\n\n<p>Outro ponto importante envolve prazos e fiscaliza\u00e7\u00e3o. As empresas devem conceder as f\u00e9rias dentro do per\u00edodo correto e realizar o pagamento antecipado, sob risco de penalidades. Com regras mais claras e fiscaliza\u00e7\u00e3o mais rigorosa, o cen\u00e1rio de 2026 refor\u00e7a a import\u00e2ncia de organiza\u00e7\u00e3o tanto por parte do empregador quanto do trabalhador.<\/p>\n\n\n\n<h2 class=\"wp-block-heading\">Faltas e organiza\u00e7\u00e3o passam a ser decisivas para garantir o benef\u00edcio<\/h2>\n\n\n\n<p>Com as regras da Consolida\u00e7\u00e3o das Leis do Trabalho mais rigorosas na pr\u00e1tica, manter uma boa frequ\u00eancia no trabalho se torna essencial para n\u00e3o comprometer o direito \u00e0s f\u00e9rias. O controle de faltas injustificadas ganha ainda mais peso, j\u00e1 que pode reduzir ou at\u00e9 eliminar completamente o per\u00edodo de descanso do trabalhador ao longo do ano.<\/p>\n\n\n\n<p>Al\u00e9m disso, a organiza\u00e7\u00e3o entre empregado e empresa passa a ser fundamental para evitar problemas. Acompanhar o per\u00edodo aquisitivo, alinhar datas com anteced\u00eancia e entender as regras atualizadas s\u00e3o atitudes que ajudam a garantir o benef\u00edcio e evitar surpresas desagrad\u00e1veis no momento de tirar f\u00e9rias.<\/p>\n\n\n\n<p><\/p>\n","protected":false},"excerpt":{"rendered":"<p>As regras da Consolida\u00e7\u00e3o das Leis do Trabalho passaram por atualiza\u00e7\u00f5es recentes que exigem mais aten\u00e7\u00e3o dos trabalhadores em 2026. Embora o direito \u00e0s f\u00e9rias continue garantido ap\u00f3s 12 meses de trabalho, mudan\u00e7as na aplica\u00e7\u00e3o da lei e no controle de faltas podem impactar diretamente o tempo de descanso \u2014 e, em alguns casos, at\u00e9 [&hellip;]<\/p>\n","protected":false},"author":4,"featured_media":1014,"comment_status":"open","ping_status":"open","sticky":false,"template":"","format":"standard","meta":{"jnews-multi-image_gallery":[],"jnews_single_post":{"format":"standard"},"jnews_primary_category":[],"jnews_social_meta":[],"jnews_post_split":[],"footnotes":""},"categories":[1],"tags":[],"class_list":["post-22936","post","type-post","status-publish","format-standard","has-post-thumbnail","hentry","category-uncategorized"],"_links":{"self":[{"href":"https:\/\/diariodepernambuco.audiencelabs.com.br\/wp-json\/wp\/v2\/posts\/22936","targetHints":{"allow":["GET"]}}],"collection":[{"href":"https:\/\/diariodepernambuco.audiencelabs.com.br\/wp-json\/wp\/v2\/posts"}],"about":[{"href":"https:\/\/diariodepernambuco.audiencelabs.com.br\/wp-json\/wp\/v2\/types\/post"}],"author":[{"embeddable":true,"href":"https:\/\/diariodepernambuco.audiencelabs.com.br\/wp-json\/wp\/v2\/users\/4"}],"replies":[{"embeddable":true,"href":"https:\/\/diariodepernambuco.audiencelabs.com.br\/wp-json\/wp\/v2\/comments?post=22936"}],"version-history":[{"count":4,"href":"https:\/\/diariodepernambuco.audiencelabs.com.br\/wp-json\/wp\/v2\/posts\/22936\/revisions"}],"predecessor-version":[{"id":23476,"href":"https:\/\/diariodepernambuco.audiencelabs.com.br\/wp-json\/wp\/v2\/posts\/22936\/revisions\/23476"}],"wp:featuredmedia":[{"embeddable":true,"href":"https:\/\/diariodepernambuco.audiencelabs.com.br\/wp-json\/wp\/v2\/media\/1014"}],"wp:attachment":[{"href":"https:\/\/diariodepernambuco.audiencelabs.com.br\/wp-json\/wp\/v2\/media?parent=22936"}],"wp:term":[{"taxonomy":"category","embeddable":true,"href":"https:\/\/diariodepernambuco.audiencelabs.com.br\/wp-json\/wp\/v2\/categories?post=22936"},{"taxonomy":"post_tag","embeddable":true,"href":"https:\/\/diariodepernambuco.audiencelabs.com.br\/wp-json\/wp\/v2\/tags?post=22936"}],"curies":[{"name":"wp","href":"https:\/\/api.w.org\/{rel}","templated":true}]}}