{"id":22997,"date":"2026-03-31T11:34:42","date_gmt":"2026-03-31T14:34:42","guid":{"rendered":"https:\/\/diariodepernambuco.audiencelabs.com.br\/?p=22997"},"modified":"2026-03-31T11:34:44","modified_gmt":"2026-03-31T14:34:44","slug":"lei-aprovada-libera-inquilinos-continuarem-morando-na-casa-mesmo-apos-fim-do-contrato","status":"publish","type":"post","link":"https:\/\/diariodepernambuco.audiencelabs.com.br\/lei-aprovada-libera-inquilinos-continuarem-morando-na-casa-mesmo-apos-fim-do-contrato\/","title":{"rendered":"Lei aprovada libera inquilinos continuarem morando na casa mesmo ap\u00f3s fim do contrato"},"content":{"rendered":"\n<p>Para quem mora em um im\u00f3vel alugado, \u00e9 importante saber que o t\u00e9rmino do contrato n\u00e3o obriga o inquilino a deixar o local imediatamente. Em muitos casos, a perman\u00eancia \u00e9 permitida pela Lei do Inquilinato, o que traz mais estabilidade para quem depende da loca\u00e7\u00e3o.<\/p>\n\n\n\n<p>Quando o contrato acaba e o inquilino continua no im\u00f3vel sem oposi\u00e7\u00e3o do propriet\u00e1rio, a rela\u00e7\u00e3o de aluguel segue v\u00e1lida. Mesmo sem um novo documento assinado, as condi\u00e7\u00f5es anteriores continuam sendo aplicadas e o contrato passa a funcionar sem prazo definido, geralmente com renova\u00e7\u00e3o m\u00eas a m\u00eas.<\/p>\n\n\n\n<h2 class=\"wp-block-heading\">O propriet\u00e1rio pode exigir a sa\u00edda imediata?<\/h2>\n\n\n\n<p>A resposta \u00e9 n\u00e3o. Existem regras que impedem decis\u00f5es repentinas, como impedir o acesso ao im\u00f3vel, e garantem que o propriet\u00e1rio precisa seguir alguns passos antes de pedir a desocupa\u00e7\u00e3o. Entre os principais pontos est\u00e3o:<\/p>\n\n\n\n<ul class=\"wp-block-list\">\n<li>Comunica\u00e7\u00e3o formal ao inquilino;<\/li>\n\n\n\n<li>Respeito a um prazo m\u00ednimo de aviso;<\/li>\n\n\n\n<li>Cumprimento das exig\u00eancias legais para retomada.<\/li>\n<\/ul>\n\n\n\n<h2 class=\"wp-block-heading\">Quando a sa\u00edda pode ser solicitada?<\/h2>\n\n\n\n<p>Apesar da prote\u00e7\u00e3o ao inquilino, h\u00e1 situa\u00e7\u00f5es em que o dono pode pedir o im\u00f3vel de volta:<\/p>\n\n\n\n<ul class=\"wp-block-list\">\n<li>Atraso ou n\u00e3o pagamento do aluguel;<\/li>\n\n\n\n<li>Descumprimento de cl\u00e1usulas contratuais;<\/li>\n\n\n\n<li>Uso do im\u00f3vel para fins n\u00e3o permitidos;<\/li>\n\n\n\n<li>Necessidade do im\u00f3vel para uso pr\u00f3prio ou reformas.<\/li>\n<\/ul>\n\n\n\n<h2 class=\"wp-block-heading\">Como evitar problemas<\/h2>\n\n\n\n<p>Mantenha os documentos e comprovantes organizados, formalize acordos por escrito e acompanhe notifica\u00e7\u00f5es recebidas. Em situa\u00e7\u00f5es de d\u00favida, buscar orienta\u00e7\u00e3o profissional pode evitar complica\u00e7\u00f5es maiores. Al\u00e9m disso, aten\u00e7\u00e3o \u00e0s regras e boa comunica\u00e7\u00e3o torna tudo mais seguro e previs\u00edvel.<\/p>\n","protected":false},"excerpt":{"rendered":"<p>Para quem mora em um im\u00f3vel alugado, \u00e9 importante saber que o t\u00e9rmino do contrato n\u00e3o obriga o inquilino a deixar o local imediatamente. Em muitos casos, a perman\u00eancia \u00e9 permitida pela Lei do Inquilinato, o que traz mais estabilidade para quem depende da loca\u00e7\u00e3o. Quando o contrato acaba e o inquilino continua no im\u00f3vel [&hellip;]<\/p>\n","protected":false},"author":17,"featured_media":23009,"comment_status":"open","ping_status":"open","sticky":false,"template":"","format":"standard","meta":{"jnews-multi-image_gallery":[],"jnews_single_post":{"format":"standard"},"jnews_primary_category":[],"jnews_social_meta":[],"jnews_post_split":[],"footnotes":""},"categories":[1],"tags":[],"class_list":["post-22997","post","type-post","status-publish","format-standard","has-post-thumbnail","hentry","category-uncategorized"],"_links":{"self":[{"href":"https:\/\/diariodepernambuco.audiencelabs.com.br\/wp-json\/wp\/v2\/posts\/22997","targetHints":{"allow":["GET"]}}],"collection":[{"href":"https:\/\/diariodepernambuco.audiencelabs.com.br\/wp-json\/wp\/v2\/posts"}],"about":[{"href":"https:\/\/diariodepernambuco.audiencelabs.com.br\/wp-json\/wp\/v2\/types\/post"}],"author":[{"embeddable":true,"href":"https:\/\/diariodepernambuco.audiencelabs.com.br\/wp-json\/wp\/v2\/users\/17"}],"replies":[{"embeddable":true,"href":"https:\/\/diariodepernambuco.audiencelabs.com.br\/wp-json\/wp\/v2\/comments?post=22997"}],"version-history":[{"count":1,"href":"https:\/\/diariodepernambuco.audiencelabs.com.br\/wp-json\/wp\/v2\/posts\/22997\/revisions"}],"predecessor-version":[{"id":23010,"href":"https:\/\/diariodepernambuco.audiencelabs.com.br\/wp-json\/wp\/v2\/posts\/22997\/revisions\/23010"}],"wp:featuredmedia":[{"embeddable":true,"href":"https:\/\/diariodepernambuco.audiencelabs.com.br\/wp-json\/wp\/v2\/media\/23009"}],"wp:attachment":[{"href":"https:\/\/diariodepernambuco.audiencelabs.com.br\/wp-json\/wp\/v2\/media?parent=22997"}],"wp:term":[{"taxonomy":"category","embeddable":true,"href":"https:\/\/diariodepernambuco.audiencelabs.com.br\/wp-json\/wp\/v2\/categories?post=22997"},{"taxonomy":"post_tag","embeddable":true,"href":"https:\/\/diariodepernambuco.audiencelabs.com.br\/wp-json\/wp\/v2\/tags?post=22997"}],"curies":[{"name":"wp","href":"https:\/\/api.w.org\/{rel}","templated":true}]}}