{"id":23000,"date":"2026-04-01T13:30:00","date_gmt":"2026-04-01T16:30:00","guid":{"rendered":"https:\/\/diariodepernambuco.audiencelabs.com.br\/?p=23000"},"modified":"2026-03-31T10:41:09","modified_gmt":"2026-03-31T13:41:09","slug":"novo-trem-vai-ligar-cidades-de-porto-alegre-e-gramado","status":"publish","type":"post","link":"https:\/\/diariodepernambuco.audiencelabs.com.br\/novo-trem-vai-ligar-cidades-de-porto-alegre-e-gramado\/","title":{"rendered":"Novo trem vai ligar cidades de Porto Alegre e Gramado"},"content":{"rendered":"\n<p>Um novo projeto ferrovi\u00e1rio promete transformar a mobilidade no sul do pa\u00eds ao conectar Porto Alegre a Gramado em um trajeto r\u00e1pido e moderno. A proposta prev\u00ea uma viagem de aproximadamente uma hora entre as duas cidades, reduzindo drasticamente o tempo atual feito de carro e oferecendo uma alternativa mais confort\u00e1vel para moradores e turistas.<\/p>\n\n\n\n<p>O projeto ser\u00e1 viabilizado por meio de investimento privado estimado em cerca de R$ 4,5 bilh\u00f5es, sendo considerado um dos maiores empreendimentos de infraestrutura do Rio Grande do Sul nas \u00faltimas d\u00e9cadas. A ferrovia contar\u00e1 com duas vias \u2014 uma para cada sentido \u2014 permitindo maior efici\u00eancia no transporte e circula\u00e7\u00e3o simult\u00e2nea dos trens.<\/p>\n\n\n\n<p>Al\u00e9m de ligar diretamente a capital \u00e0 Serra Ga\u00facha, o trajeto deve passar por diversos munic\u00edpios importantes ao longo do caminho, ampliando o impacto regional da obra. A expectativa \u00e9 que o novo modal atenda milh\u00f5es de passageiros por ano, impulsionando principalmente o turismo em Gramado, um dos destinos mais visitados do Brasil.<\/p>\n\n\n\n<p>Outro ponto de destaque \u00e9 a proposta de integra\u00e7\u00e3o com o Aeroporto Salgado Filho, facilitando o acesso de turistas que chegam \u00e0 capital e seguem direto para a serra. Com isso, o trem surge como uma solu\u00e7\u00e3o moderna, sustent\u00e1vel e estrat\u00e9gica, reduzindo o tr\u00e2nsito nas rodovias e incentivando o desenvolvimento econ\u00f4mico da regi\u00e3o.<\/p>\n\n\n\n<h2 class=\"wp-block-heading\">Projeto bilion\u00e1rio promete impulsionar turismo e economia regional<\/h2>\n\n\n\n<p>A iniciativa n\u00e3o se limita apenas ao transporte de passageiros, mas tamb\u00e9m deve gerar mais de 20 mil empregos diretos e indiretos ao longo de sua implementa\u00e7\u00e3o. O impacto econ\u00f4mico \u00e9 visto como um dos principais benef\u00edcios, fortalecendo setores como turismo, com\u00e9rcio e servi\u00e7os em toda a regi\u00e3o.<\/p>\n\n\n\n<p>Mesmo com grande expectativa, o projeto ainda depende de etapas como licenciamento ambiental e constru\u00e7\u00e3o da infraestrutura, com previs\u00e3o de conclus\u00e3o apenas nos pr\u00f3ximos anos. A estimativa atual \u00e9 que o trem comece a operar por volta de 2032, marcando uma nova era para o transporte ferrovi\u00e1rio no estado.<\/p>\n\n\n\n<p><\/p>\n","protected":false},"excerpt":{"rendered":"<p>Um novo projeto ferrovi\u00e1rio promete transformar a mobilidade no sul do pa\u00eds ao conectar Porto Alegre a Gramado em um trajeto r\u00e1pido e moderno. A proposta prev\u00ea uma viagem de aproximadamente uma hora entre as duas cidades, reduzindo drasticamente o tempo atual feito de carro e oferecendo uma alternativa mais confort\u00e1vel para moradores e turistas. [&hellip;]<\/p>\n","protected":false},"author":4,"featured_media":7908,"comment_status":"open","ping_status":"open","sticky":false,"template":"","format":"standard","meta":{"jnews-multi-image_gallery":[],"jnews_single_post":{"format":"standard"},"jnews_primary_category":[],"jnews_social_meta":[],"jnews_post_split":[],"footnotes":""},"categories":[1],"tags":[],"class_list":["post-23000","post","type-post","status-publish","format-standard","has-post-thumbnail","hentry","category-uncategorized"],"_links":{"self":[{"href":"https:\/\/diariodepernambuco.audiencelabs.com.br\/wp-json\/wp\/v2\/posts\/23000","targetHints":{"allow":["GET"]}}],"collection":[{"href":"https:\/\/diariodepernambuco.audiencelabs.com.br\/wp-json\/wp\/v2\/posts"}],"about":[{"href":"https:\/\/diariodepernambuco.audiencelabs.com.br\/wp-json\/wp\/v2\/types\/post"}],"author":[{"embeddable":true,"href":"https:\/\/diariodepernambuco.audiencelabs.com.br\/wp-json\/wp\/v2\/users\/4"}],"replies":[{"embeddable":true,"href":"https:\/\/diariodepernambuco.audiencelabs.com.br\/wp-json\/wp\/v2\/comments?post=23000"}],"version-history":[{"count":3,"href":"https:\/\/diariodepernambuco.audiencelabs.com.br\/wp-json\/wp\/v2\/posts\/23000\/revisions"}],"predecessor-version":[{"id":23004,"href":"https:\/\/diariodepernambuco.audiencelabs.com.br\/wp-json\/wp\/v2\/posts\/23000\/revisions\/23004"}],"wp:featuredmedia":[{"embeddable":true,"href":"https:\/\/diariodepernambuco.audiencelabs.com.br\/wp-json\/wp\/v2\/media\/7908"}],"wp:attachment":[{"href":"https:\/\/diariodepernambuco.audiencelabs.com.br\/wp-json\/wp\/v2\/media?parent=23000"}],"wp:term":[{"taxonomy":"category","embeddable":true,"href":"https:\/\/diariodepernambuco.audiencelabs.com.br\/wp-json\/wp\/v2\/categories?post=23000"},{"taxonomy":"post_tag","embeddable":true,"href":"https:\/\/diariodepernambuco.audiencelabs.com.br\/wp-json\/wp\/v2\/tags?post=23000"}],"curies":[{"name":"wp","href":"https:\/\/api.w.org\/{rel}","templated":true}]}}