{"id":23012,"date":"2026-04-01T14:15:00","date_gmt":"2026-04-01T17:15:00","guid":{"rendered":"https:\/\/diariodepernambuco.audiencelabs.com.br\/?p=23012"},"modified":"2026-03-31T12:27:20","modified_gmt":"2026-03-31T15:27:20","slug":"potencia-chinesa-anuncia-fabrica-de-trens-no-brasil","status":"publish","type":"post","link":"https:\/\/diariodepernambuco.audiencelabs.com.br\/potencia-chinesa-anuncia-fabrica-de-trens-no-brasil\/","title":{"rendered":"Pot\u00eancia chinesa anuncia f\u00e1brica de trens no Brasil"},"content":{"rendered":"\n<p>A gigante chinesa CRRC anunciou a instala\u00e7\u00e3o de uma nova f\u00e1brica de trens no Brasil, em um projeto bilion\u00e1rio que promete transformar o setor ferrovi\u00e1rio nacional. O investimento estimado gira em torno de R$ 3 bilh\u00f5es e marca um novo cap\u00edtulo na parceria entre Brasil e China na \u00e1rea de infraestrutura e mobilidade.<\/p>\n\n\n\n<p>A unidade industrial est\u00e1 sendo implantada na cidade de Araraquara, no interior paulista, ocupando uma antiga planta industrial desativada. A f\u00e1brica j\u00e1 iniciou contrata\u00e7\u00f5es e montagem das linhas de produ\u00e7\u00e3o, com expectativa de produzir trens modernos para atender projetos estrat\u00e9gicos no pa\u00eds.<\/p>\n\n\n\n<p>Entre os principais objetivos est\u00e1 a fabrica\u00e7\u00e3o de composi\u00e7\u00f5es para o Trem Intercidades (TIC), que vai ligar a capital paulista \u00e0 cidade de Campinas, al\u00e9m de atender demandas do metr\u00f4 de S\u00e3o Paulo. O projeto conta com financiamento de bilh\u00f5es de reais por meio do BNDES e faz parte de um pacote maior de investimentos em mobilidade urbana.<\/p>\n\n\n\n<p>A chegada da CRRC ao Brasil \u00e9 vista como estrat\u00e9gica para fortalecer a ind\u00fastria nacional e reduzir a depend\u00eancia de importa\u00e7\u00f5es no setor ferrovi\u00e1rio. Al\u00e9m disso, o empreendimento deve gerar empregos, atrair novas tecnologias e impulsionar o desenvolvimento da infraestrutura de transporte no pa\u00eds.<\/p>\n\n\n\n<h2 class=\"wp-block-heading\">Projeto bilion\u00e1rio promete modernizar transporte e gerar empregos<\/h2>\n\n\n\n<p>A instala\u00e7\u00e3o da f\u00e1brica refor\u00e7a o movimento de retomada dos investimentos em ferrovias no Brasil, ap\u00f3s d\u00e9cadas de foco no transporte rodovi\u00e1rio. Especialistas apontam que a produ\u00e7\u00e3o local de trens pode acelerar projetos e reduzir custos no longo prazo.<\/p>\n\n\n\n<p>Al\u00e9m disso, a iniciativa deve gerar centenas de empregos diretos e indiretos, movimentando a economia regional e ampliando a participa\u00e7\u00e3o do Brasil na cadeia global da ind\u00fastria ferrovi\u00e1ria. A expectativa \u00e9 que o pa\u00eds avance em tecnologia e infraestrutura, acompanhando modelos j\u00e1 consolidados em outras na\u00e7\u00f5es.<\/p>\n\n\n\n<p><\/p>\n","protected":false},"excerpt":{"rendered":"<p>A gigante chinesa CRRC anunciou a instala\u00e7\u00e3o de uma nova f\u00e1brica de trens no Brasil, em um projeto bilion\u00e1rio que promete transformar o setor ferrovi\u00e1rio nacional. O investimento estimado gira em torno de R$ 3 bilh\u00f5es e marca um novo cap\u00edtulo na parceria entre Brasil e China na \u00e1rea de infraestrutura e mobilidade. A unidade [&hellip;]<\/p>\n","protected":false},"author":4,"featured_media":23016,"comment_status":"open","ping_status":"open","sticky":false,"template":"","format":"standard","meta":{"jnews-multi-image_gallery":[],"jnews_single_post":{"format":"standard"},"jnews_primary_category":[],"jnews_social_meta":[],"jnews_post_split":[],"footnotes":""},"categories":[1],"tags":[],"class_list":["post-23012","post","type-post","status-publish","format-standard","has-post-thumbnail","hentry","category-uncategorized"],"_links":{"self":[{"href":"https:\/\/diariodepernambuco.audiencelabs.com.br\/wp-json\/wp\/v2\/posts\/23012","targetHints":{"allow":["GET"]}}],"collection":[{"href":"https:\/\/diariodepernambuco.audiencelabs.com.br\/wp-json\/wp\/v2\/posts"}],"about":[{"href":"https:\/\/diariodepernambuco.audiencelabs.com.br\/wp-json\/wp\/v2\/types\/post"}],"author":[{"embeddable":true,"href":"https:\/\/diariodepernambuco.audiencelabs.com.br\/wp-json\/wp\/v2\/users\/4"}],"replies":[{"embeddable":true,"href":"https:\/\/diariodepernambuco.audiencelabs.com.br\/wp-json\/wp\/v2\/comments?post=23012"}],"version-history":[{"count":3,"href":"https:\/\/diariodepernambuco.audiencelabs.com.br\/wp-json\/wp\/v2\/posts\/23012\/revisions"}],"predecessor-version":[{"id":23017,"href":"https:\/\/diariodepernambuco.audiencelabs.com.br\/wp-json\/wp\/v2\/posts\/23012\/revisions\/23017"}],"wp:featuredmedia":[{"embeddable":true,"href":"https:\/\/diariodepernambuco.audiencelabs.com.br\/wp-json\/wp\/v2\/media\/23016"}],"wp:attachment":[{"href":"https:\/\/diariodepernambuco.audiencelabs.com.br\/wp-json\/wp\/v2\/media?parent=23012"}],"wp:term":[{"taxonomy":"category","embeddable":true,"href":"https:\/\/diariodepernambuco.audiencelabs.com.br\/wp-json\/wp\/v2\/categories?post=23012"},{"taxonomy":"post_tag","embeddable":true,"href":"https:\/\/diariodepernambuco.audiencelabs.com.br\/wp-json\/wp\/v2\/tags?post=23012"}],"curies":[{"name":"wp","href":"https:\/\/api.w.org\/{rel}","templated":true}]}}