{"id":23023,"date":"2026-04-04T18:31:00","date_gmt":"2026-04-04T21:31:00","guid":{"rendered":"https:\/\/diariodepernambuco.audiencelabs.com.br\/?p=23023"},"modified":"2026-03-31T12:36:43","modified_gmt":"2026-03-31T15:36:43","slug":"nova-tendencia-da-construcao-civil-coloca-fim-no-uso-de-concreto","status":"publish","type":"post","link":"https:\/\/diariodepernambuco.audiencelabs.com.br\/nova-tendencia-da-construcao-civil-coloca-fim-no-uso-de-concreto\/","title":{"rendered":"Nova tend\u00eancia da constru\u00e7\u00e3o civil coloca fim no uso de concreto"},"content":{"rendered":"\n<p>Uma nova tend\u00eancia na constru\u00e7\u00e3o civil est\u00e1 ganhando for\u00e7a no Brasil e promete revolucionar a forma como casas e pr\u00e9dios s\u00e3o constru\u00eddos. O modelo, que reduz ou at\u00e9 elimina o uso do concreto tradicional, aposta em sistemas mais leves, r\u00e1pidos e sustent\u00e1veis, j\u00e1 presentes em diversas obras residenciais pelo pa\u00eds.<\/p>\n\n\n\n<p>Entre as principais alternativas est\u00e3o m\u00e9todos como o steel frame, wood frame e constru\u00e7\u00f5es modulares, que utilizam estruturas met\u00e1licas ou de madeira no lugar do concreto e da alvenaria convencional. Essas t\u00e9cnicas permitem obras mais r\u00e1pidas e com menos desperd\u00edcio, podendo reduzir custos em at\u00e9 30% em compara\u00e7\u00e3o aos modelos tradicionais.<\/p>\n\n\n\n<p>Al\u00e9m da agilidade, a sustentabilidade \u00e9 um dos principais motores dessa mudan\u00e7a. Novos sistemas construtivos utilizam materiais reciclados ou naturais, como terra compactada e at\u00e9 papel\u00e3o estrutural, diminuindo drasticamente a emiss\u00e3o de carbono \u2014 um dos grandes problemas associados \u00e0 produ\u00e7\u00e3o de cimento no mundo.<\/p>\n\n\n\n<p>Com isso, o setor da constru\u00e7\u00e3o civil entra em uma nova fase, marcada pela inova\u00e7\u00e3o e pela busca por efici\u00eancia. A tend\u00eancia \u00e9 que essas tecnologias se tornem cada vez mais comuns no Brasil, especialmente diante da necessidade de obras mais r\u00e1pidas, econ\u00f4micas e ambientalmente respons\u00e1veis.<\/p>\n\n\n\n<h2 class=\"wp-block-heading\">Constru\u00e7\u00f5es mais r\u00e1pidas e sustent\u00e1veis ganham espa\u00e7o<\/h2>\n\n\n\n<p>A ado\u00e7\u00e3o dessas novas t\u00e9cnicas est\u00e1 diretamente ligada \u00e0 moderniza\u00e7\u00e3o do setor, que busca reduzir prazos e aumentar a produtividade. Sistemas industrializados permitem que partes da obra sejam produzidas fora do canteiro, acelerando significativamente a entrega final.<\/p>\n\n\n\n<p>Ao mesmo tempo, a preocupa\u00e7\u00e3o ambiental tem impulsionado a substitui\u00e7\u00e3o de materiais tradicionais por alternativas menos poluentes. Essa transforma\u00e7\u00e3o mostra que o futuro da constru\u00e7\u00e3o civil deve ser cada vez mais tecnol\u00f3gico, sustent\u00e1vel e eficiente, mudando completamente a forma de construir no pa\u00eds.<\/p>\n\n\n\n<p><\/p>\n","protected":false},"excerpt":{"rendered":"<p>Uma nova tend\u00eancia na constru\u00e7\u00e3o civil est\u00e1 ganhando for\u00e7a no Brasil e promete revolucionar a forma como casas e pr\u00e9dios s\u00e3o constru\u00eddos. O modelo, que reduz ou at\u00e9 elimina o uso do concreto tradicional, aposta em sistemas mais leves, r\u00e1pidos e sustent\u00e1veis, j\u00e1 presentes em diversas obras residenciais pelo pa\u00eds. Entre as principais alternativas est\u00e3o [&hellip;]<\/p>\n","protected":false},"author":4,"featured_media":23026,"comment_status":"open","ping_status":"open","sticky":false,"template":"","format":"standard","meta":{"jnews-multi-image_gallery":[],"jnews_single_post":{"format":"standard"},"jnews_primary_category":[],"jnews_social_meta":[],"jnews_post_split":[],"footnotes":""},"categories":[1],"tags":[],"class_list":["post-23023","post","type-post","status-publish","format-standard","has-post-thumbnail","hentry","category-uncategorized"],"_links":{"self":[{"href":"https:\/\/diariodepernambuco.audiencelabs.com.br\/wp-json\/wp\/v2\/posts\/23023","targetHints":{"allow":["GET"]}}],"collection":[{"href":"https:\/\/diariodepernambuco.audiencelabs.com.br\/wp-json\/wp\/v2\/posts"}],"about":[{"href":"https:\/\/diariodepernambuco.audiencelabs.com.br\/wp-json\/wp\/v2\/types\/post"}],"author":[{"embeddable":true,"href":"https:\/\/diariodepernambuco.audiencelabs.com.br\/wp-json\/wp\/v2\/users\/4"}],"replies":[{"embeddable":true,"href":"https:\/\/diariodepernambuco.audiencelabs.com.br\/wp-json\/wp\/v2\/comments?post=23023"}],"version-history":[{"count":2,"href":"https:\/\/diariodepernambuco.audiencelabs.com.br\/wp-json\/wp\/v2\/posts\/23023\/revisions"}],"predecessor-version":[{"id":23027,"href":"https:\/\/diariodepernambuco.audiencelabs.com.br\/wp-json\/wp\/v2\/posts\/23023\/revisions\/23027"}],"wp:featuredmedia":[{"embeddable":true,"href":"https:\/\/diariodepernambuco.audiencelabs.com.br\/wp-json\/wp\/v2\/media\/23026"}],"wp:attachment":[{"href":"https:\/\/diariodepernambuco.audiencelabs.com.br\/wp-json\/wp\/v2\/media?parent=23023"}],"wp:term":[{"taxonomy":"category","embeddable":true,"href":"https:\/\/diariodepernambuco.audiencelabs.com.br\/wp-json\/wp\/v2\/categories?post=23023"},{"taxonomy":"post_tag","embeddable":true,"href":"https:\/\/diariodepernambuco.audiencelabs.com.br\/wp-json\/wp\/v2\/tags?post=23023"}],"curies":[{"name":"wp","href":"https:\/\/api.w.org\/{rel}","templated":true}]}}