{"id":23028,"date":"2026-03-31T13:06:49","date_gmt":"2026-03-31T16:06:49","guid":{"rendered":"https:\/\/diariodepernambuco.audiencelabs.com.br\/?p=23028"},"modified":"2026-03-31T14:00:37","modified_gmt":"2026-03-31T17:00:37","slug":"governo-libera-saque-de-r-1-621-aos-brasileiros-daqui-7-dias","status":"publish","type":"post","link":"https:\/\/diariodepernambuco.audiencelabs.com.br\/governo-libera-saque-de-r-1-621-aos-brasileiros-daqui-7-dias\/","title":{"rendered":"Governo libera saque de R$ 1.621 aos brasileiros daqui 7 dias"},"content":{"rendered":"\n<p>O m\u00eas de abril j\u00e1 est\u00e1 praticamente batendo \u00e0 porta e, com isso, muitos brasileiros est\u00e3o se preparando para <strong>arcar com os compromissos financeiros do per\u00edodo<\/strong>, que incluem contas, d\u00edvidas e outras despesas.<\/p>\n\n\n\n<p>Por conta disso, uma parcela significativa de trabalhadores de carteira assinada t\u00eam aguardado ansiosamente pela pr\u00f3xima ter\u00e7a-feira (7), j\u00e1 que essa <strong>\u00e9 a data limite para que seu sal\u00e1rio seja disponibilizado<\/strong>.<\/p>\n\n\n\n<p>A referida data corresponde <strong>ao quinto dia \u00fatil<\/strong>, o qual, conforme estabelecido pelo artigo 459 da Consolida\u00e7\u00e3o das Leis do Trabalho (CLT), representa o prazo que os empregadores t\u00eam para efetuar o dep\u00f3sito de pagamentos, n\u00e3o havendo possibilidade de prorroga\u00e7\u00e3o.<\/p>\n\n\n\n<p>E vale destacar que <strong>n\u00e3o h\u00e1 distin\u00e7\u00e3o de valores<\/strong>. Sendo assim, tanto os trabalhadores que recebem o sal\u00e1rio m\u00ednimo, atualmente fixado em R$ 1.621, quanto os que ganham quantias mais elevadas ser\u00e3o contemplados no dia 7.<\/p>\n\n\n\n<p>Em caso de atraso, <strong>a empresa pode ser penalizada<\/strong> por estar descumprindo uma legisla\u00e7\u00e3o trabalhista, ficando sujeita a corrigir os pagamentos monetariamente, receber multas e at\u00e9 mesmo se tornar alvo de a\u00e7\u00f5es judiciais.<\/p>\n\n\n\n<h2 class=\"wp-block-heading\">Feriado adiou data de pagamento aos trabalhadores brasileiros<\/h2>\n\n\n\n<p>\u00c9 relevante lembrar que, para realizar a contagem dos dias \u00fateis, a CLT tamb\u00e9m inclui os s\u00e1bados, mesmo se a empresa n\u00e3o funcione. Com isso, tecnicamente, os brasileiros deveriam receber seu sal\u00e1rio no dia 6 de abril.<\/p>\n\n\n\n<p>Todavia, vale lembrar que na sexta-feira (3) ser\u00e1 celebrado <strong>o \u00fanico feriado nacional oficial da Semana Santa no Brasil<\/strong>, que \u00e9 a data em que os seguidores da tradi\u00e7\u00e3o crist\u00e3 relembram o dia da crucifica\u00e7\u00e3o de Jesus Cristo.<\/p>\n\n\n\n<p>Como a legisla\u00e7\u00e3o n\u00e3o considera domingos e feriados na contagem, a sexta-feira deixa de ser o terceiro dia \u00fatil e a posi\u00e7\u00e3o passa a ser ocupada pelo s\u00e1bado, o que, por consequ\u00eancia, prorroga o pagamento do sal\u00e1rio para o segundo dia da semana subsequente.<\/p>\n","protected":false},"excerpt":{"rendered":"<p>O m\u00eas de abril j\u00e1 est\u00e1 praticamente batendo \u00e0 porta e, com isso, muitos brasileiros est\u00e3o se preparando para arcar com os compromissos financeiros do per\u00edodo, que incluem contas, d\u00edvidas e outras despesas. Por conta disso, uma parcela significativa de trabalhadores de carteira assinada t\u00eam aguardado ansiosamente pela pr\u00f3xima ter\u00e7a-feira (7), j\u00e1 que essa \u00e9 [&hellip;]<\/p>\n","protected":false},"author":15,"featured_media":23029,"comment_status":"open","ping_status":"open","sticky":false,"template":"","format":"standard","meta":{"jnews-multi-image_gallery":[],"jnews_single_post":{"format":"standard"},"jnews_primary_category":[],"jnews_social_meta":[],"jnews_post_split":[],"footnotes":""},"categories":[1],"tags":[],"class_list":["post-23028","post","type-post","status-publish","format-standard","has-post-thumbnail","hentry","category-uncategorized"],"_links":{"self":[{"href":"https:\/\/diariodepernambuco.audiencelabs.com.br\/wp-json\/wp\/v2\/posts\/23028","targetHints":{"allow":["GET"]}}],"collection":[{"href":"https:\/\/diariodepernambuco.audiencelabs.com.br\/wp-json\/wp\/v2\/posts"}],"about":[{"href":"https:\/\/diariodepernambuco.audiencelabs.com.br\/wp-json\/wp\/v2\/types\/post"}],"author":[{"embeddable":true,"href":"https:\/\/diariodepernambuco.audiencelabs.com.br\/wp-json\/wp\/v2\/users\/15"}],"replies":[{"embeddable":true,"href":"https:\/\/diariodepernambuco.audiencelabs.com.br\/wp-json\/wp\/v2\/comments?post=23028"}],"version-history":[{"count":2,"href":"https:\/\/diariodepernambuco.audiencelabs.com.br\/wp-json\/wp\/v2\/posts\/23028\/revisions"}],"predecessor-version":[{"id":23064,"href":"https:\/\/diariodepernambuco.audiencelabs.com.br\/wp-json\/wp\/v2\/posts\/23028\/revisions\/23064"}],"wp:featuredmedia":[{"embeddable":true,"href":"https:\/\/diariodepernambuco.audiencelabs.com.br\/wp-json\/wp\/v2\/media\/23029"}],"wp:attachment":[{"href":"https:\/\/diariodepernambuco.audiencelabs.com.br\/wp-json\/wp\/v2\/media?parent=23028"}],"wp:term":[{"taxonomy":"category","embeddable":true,"href":"https:\/\/diariodepernambuco.audiencelabs.com.br\/wp-json\/wp\/v2\/categories?post=23028"},{"taxonomy":"post_tag","embeddable":true,"href":"https:\/\/diariodepernambuco.audiencelabs.com.br\/wp-json\/wp\/v2\/tags?post=23028"}],"curies":[{"name":"wp","href":"https:\/\/api.w.org\/{rel}","templated":true}]}}