{"id":23031,"date":"2026-03-31T13:37:30","date_gmt":"2026-03-31T16:37:30","guid":{"rendered":"https:\/\/diariodepernambuco.audiencelabs.com.br\/?p=23031"},"modified":"2026-04-10T13:06:04","modified_gmt":"2026-04-10T16:06:04","slug":"comunicado-geral-a-todos-sobre-conta-de-luz-no-mes-de-abril","status":"publish","type":"post","link":"https:\/\/diariodepernambuco.audiencelabs.com.br\/comunicado-geral-a-todos-sobre-conta-de-luz-no-mes-de-abril\/","title":{"rendered":"Comunicado geral a todos sobre conta de luz no m\u00eas de abril"},"content":{"rendered":"\n<p>Os primeiros meses de 2026 v\u00eam sendo marcados por amplos per\u00edodos de tempo inst\u00e1vel, com pancadas de chuva se manifestando com frequ\u00eancia em diferentes estados do Brasil. E vale destacar que as precipita\u00e7\u00f5es resultaram em <strong>boas not\u00edcias para os brasileiros<\/strong>.<\/p>\n\n\n\n<p>Afinal, de acordo com um comunicado divulgado pela Ag\u00eancia Nacional de Energia El\u00e9trica (Aneel) na \u00faltima segunda-feira (27) a bandeira tarif\u00e1ria verde <strong>ser\u00e1 mantida na conta de luz do m\u00eas de abril<\/strong>, garantindo, assim, valores mais confort\u00e1veis.<\/p>\n\n\n\n<p>No an\u00fancio, a autarquia confirmou que o volume de de chuvas acabou assegurando que <strong>as usinas hidrel\u00e9tricas mantessem n\u00edveis de abastecimento satisfat\u00f3rios<\/strong>, dispensando novamente o acionamento das termel\u00e9tricas.<\/p>\n\n\n\n<p>Vale lembrar que a escassez de chuvas figura entre os principais fatores que contribuem para o aumento das tarifas. Contudo, com as usinas devidamente abastecidas, os consumidores <strong>poder\u00e3o contar com um al\u00edvio nas despesas essenciais de abril<\/strong>.<\/p>\n\n\n<style>@media (min-width: 992px) {\n    .recomendadorV2Area1 {\n        width: 280px;\n    }\n    .recomendadorV2Area2 {\n        padding: 0px 20px;\n        width: calc(100% - 280px);\n    }\n}\n\n@media (max-width: 992px) {\n    .recomendadorV2Button {\n        margin: 0 auto;\n    }\n    .recomendadorV2Area {\n        flex-direction: column;\n        text-align: center;\n    }\n    .recomendadorV2Area2 {\n        padding: 0px 20px;\n    }\n}\n\n.recomendadorV2Area {\n    background: #eeeeee3d;\n    border-radius: 10px;\n    padding: 15px;\n    display: flex;\n    margin: 15px auto;\n    border: 1px solid #00000014;\n    max-width: 800px;\n}\n\n.recomendadorV2Area1 img {\n    width: 280px;\n    height: auto;\n    border-radius: 8px;\n}\n\n.linkrecomendadorv2 {\n    text-decoration: none !important;\n}\n\n.recomendadorV2Area2 .recomendadorV2Type {\n    text-transform: uppercase;\n    font-weight: 500;\n    font-size: 11px;\n    letter-spacing: 2px;\n    color: #666;\n    margin: 12px 0;\n    display: block;\n}\n\n.recomendadorV2Title h2 {\n    padding-top: 0px !important;\n    margin: 0px !important;\n    border-left: none !important;\n    padding-left: 0px !important;\n    line-height: 1.3;\n    color: #000 !important;\n    font-size: 24px;\n    margin-bottom: 12px !important;\n}\n\n.recomendadorV2Desc {\n    color: #333;\n    margin: 12px 0px !important;\n    font-size: 15px;\n    line-height: 1.5;\n}\n\n.recomendadorV2Button {\n    width: auto;\n    max-width: 200px;\n    margin: 0;\n    display: inline-flex;\n    align-items: center;\n    background: #1D3557;\n    border-radius: 8px;\n    color: #fff;\n    height: 36px;\n    justify-content: center;\n    text-align: center;\n    font-size: 14px;\n    padding: 0 20px;\n    transition: background-color 0.2s ease;\n}\n\n.recomendadorV2Button:hover {\n    background: #2a4d7a;\n}\n\n.recomendadorV2Button:after {\n    margin-top: -2px;\n    content: \"\u2192\";\n    padding: 0px 0px 0px 8px;\n}\n\n.recomendadorV2Alert {\n    text-align: left;\n    font-size: 11px;\n    margin-top: 8px;\n    color: #666;\n}\n\n.recomendadorFixedArea {\n    width: 100%;\n    display: flex;\n    justify-content: center;\n    align-items: center;\n}\n\n@media (min-width: 992px) {\n    #recomendadorFixed {\n        width: 32% !important;\n        left: 5%;\n    }\n    .recomendadorCloseFixed{\n        right: inherit !important;\n        left: 378px !important;\n    }\n}\n\n#recomendadorFixed {\n    width: 90%;\n    box-shadow: 0 10px 20px 0px #00000057;\n    display: none;\n    height: 90px;\n    background: #F6F6F6;\n    position: fixed;\n    flex-direction: row;\n    bottom: 10px;\n    z-index: 9999;\n    border-radius: 16px;\n    padding: 7px 10px;\n}\n\n.recomendadorLeftArea {\n    width: 160px;\n}\n\n.recomendadorRightArea h2 {\n    padding-top: 0px;\n    margin: 2px 0px 4px 0px !important;\n    font-weight: 400;\n    text-align: center;\n    padding-left: 0px !important;\n    color: #000 !important;\n    border-left: none !important;\n    line-height: 20px;\n    font-size: 12px !important;\n}\n\n.recomendadorImgFixed {\n    overflow: hidden;\n    padding: 8px 6px;\n    height: 100%;\n}\n\n.recomendadorImgFixed img {\n    height: 100% !important;\n    border-radius: 16px;\n}\n\n.recomendadorRightArea {\n    padding-top: 6px;\n    display: flex;\n    width: calc(100% - 130px);\n    justify-content: space-between;\n    align-items: center;\n    flex-direction: column;\n}\n\n.recomendadorButtonFixed {\n    margin: 0 auto;\n    background: #1D3557;\n    width: 80%;\n    text-align: center;\n    font-size: 10px;\n    color: #FFF;\n    padding: 2px 10px;\n    border-radius: 3px;\n}\n\n.recomendadorButtonFixed:after {\n    margin-top: -3px;\n    content: \"\u2192\";\n    padding: 0px 0px 0px 10px;\n}\n\n.recomendadorAlertFixed {\n    font-weight: 400;\n    text-align: center;\n    color: #484848;\n    font-size: 8px;\n}\n\n.recomendadorCloseFixed {\n    z-index: 99999;\n    display: none;\n    right: 0px;\n    left: inherit;\n    bottom: 99px;\n    position: fixed;\n    justify-content: center;\n    background: #F6F6F6;\n    width: 25px;\n    align-items: center;\n    height: 25px;\n    font-weight: 800;\n    border-radius: 50%;\n    border: 1px solid #EBEBEB;\n}\n\n.recomendadorV2Desc{\n    color: #000000;\n    margin: 20px 0px;\n}\n\n@media (max-width: 576px) {\n    .recomendadorV2Area {\n      padding: 10px;\n      max-width: 100%;\n    }\n  \n    .recomendadorV2Area1 img {\n      width: 100%;\n      border-radius: 6px;\n    }\n  \n    .recomendadorV2Area2 .recomendadorV2Type {\n      font-size: 9px;\n      letter-spacing: 1px;\n      margin: 8px 0;\n    }\n  \n    .recomendadorV2Title h2 {\n      font-size: 18px !important;\n      margin-bottom: 8px !important;\n      line-height: 1.2;\n    }\n  \n    .recomendadorV2Desc {\n      font-size: 14px;\n      margin: 8px 0 !important;\n      line-height: 1.4;\n    }\n  \n    .recomendadorV2Button {\n      font-size: 12px;\n      height: 30px;\n      padding: 0 12px;\n      max-width: 160px;\n    }\n  \n    .recomendadorV2Button:after {\n      padding-left: 6px;\n    }\n  }\n  <\/style>\n        <div class=\"lazyblock-recomendador-v2-2jDGz wp-block-lazyblock-recomendador-v2\">\n        <a class=\"linkrecomendadorv2\" href=\"https:\/\/diariodepernambuco.com.br\/dpmais\/governo-libera-saque-de-r-1-621-aos-brasileiros-daqui-7-dias\/?utm_source=lazy\" target=\"_blank\" rel=\"noopener\">\n            <div class=\"recomendadorV2Area\">\n            <div class=\"recomendadorV2Area1\">\n                <div class=\"recomendadorV2Img\">\n                <img class=\"lazyloaded\" decoding=\"async\" src=\"https:\/\/diariodepernambuco.com.br\/dpmais\/wp-content\/uploads\/2026\/03\/governo-libera-saque-de-1621-aos-brasileiros-daqui-7-dias-1140x570.jpg\" data-src=\"https:\/\/diariodepernambuco.com.br\/dpmais\/wp-content\/uploads\/2026\/03\/governo-libera-saque-de-1621-aos-brasileiros-daqui-7-dias-1140x570.jpg\" alt=\"\">\n                <\/div>\n            <\/div>\n            <div class=\"recomendadorV2Area2\">\n                <div class=\"recomendadorV2Type\">\n                    <span>Dinheiro extra<\/span>\n                <\/div>\n                <div class=\"recomendadorV2Title\">\n                <h2><span>Saque liberado \ud83d\udcb8<\/span><\/h2>\n                <\/div>\n                <div class=\"recomendadorV2Desc\">\n                <span>Brasileiros recebem R$1.621 em breve<\/span>\n                <\/div>\n                <div class=\"recomendadorV2Button\">Conferir<\/div>\n                <div class=\"recomendadorV2Alert\"><\/div>\n            <\/div>\n            <\/div>\n        <\/a>\n        <div>\n            <div style=\"z-index:99999;\" id=\"buttonClose\" onclick=\"closeRecomendadorFixed()\">\n            <div class=\"recomendadorCloseFixed\">X<\/div>\n            <\/div>\n            <a href=\"https:\/\/diariodepernambuco.com.br\/dpmais\/governo-libera-saque-de-r-1-621-aos-brasileiros-daqui-7-dias\/?utm_source=lazy\" target=\"_blank\" rel=\"noopener\">\n            <div class=\"recomendadorFixedArea\">\n                <div id=\"recomendadorFixed\">\n                <div class=\"recomendadorLeftArea\">\n                    <div class=\"recomendadorImgFixed\">\n                    <img class=\"lazyload\" decoding=\"async\" src=\"https:\/\/diariodepernambuco.com.br\/dpmais\/wp-content\/uploads\/2026\/03\/governo-libera-saque-de-1621-aos-brasileiros-daqui-7-dias-1140x570.jpg\" alt=\"\">\n                    <\/div>\n                <\/div>\n                <div class=\"recomendadorRightArea\">\n                    <div class=\"recomendadorTitleFixed\">\n                    <h2><span>Saque liberado \ud83d\udcb8<\/span><\/h2>\n                    <\/div>\n                    <div class=\"recomendadorButtonFixed\">Conferir<\/div>\n                    <div class=\"recomendadorAlertFixed\"><\/div>\n                <\/div>\n                <\/div>\n            <\/div>\n            <\/a>\n        <\/div>\n        <\/div>\n\n\n\n<h2 class=\"wp-block-heading\">Sistema de bandeiras da conta de luz: entenda o funcionamento<\/h2>\n\n\n\n<p>Criado pela Aneel, o sistema de bandeiras da conta de luz tem como objetivo central <strong>sinalizar ao consumidor o custo real da energia no momento<\/strong>, baseando-se diretamente no n\u00edvel dos reservat\u00f3rios das hidrel\u00e9tricas e na necessidade de adotar op\u00e7\u00f5es alternativas para continuar gerando energia.<\/p>\n\n\n\n<p>Ao comunicar de forma transparente que as condi\u00e7\u00f5es n\u00e3o s\u00e3o favor\u00e1veis, o sistema tamb\u00e9m busca incentivar a redu\u00e7\u00e3o do consumo em per\u00edodos de escassez, que s\u00e3o representados pelas seguintes cores:<\/p>\n\n\n\n<ul class=\"wp-block-list\">\n<li><strong>Bandeira amarela:<\/strong> revela condi\u00e7\u00f5es menos favor\u00e1veis e resulta em um acr\u00e9scimo de R$ 1,88 a cada 100 kWh;<\/li>\n\n\n\n<li><strong>Bandeira vermelha patamar 1: <\/strong>aponta que as condi\u00e7\u00f5es chegaram a n\u00edveis cr\u00edticos, exigindo o uso intenso de termel\u00e9tricas, e resulta em um acr\u00e9scimo de R$ 4,46 a cada 100 kWh;<\/li>\n\n\n\n<li><strong>Bandeira vermelha patamar 2:<\/strong> ressalta que as condi\u00e7\u00f5es ficaram ainda mais complexas e resulta em cobran\u00e7as excessivamente custosas, adicionando cerca de R$ 7,87 a cada 100 kWh.<\/li>\n<\/ul>\n","protected":false},"excerpt":{"rendered":"<p>Os primeiros meses de 2026 v\u00eam sendo marcados por amplos per\u00edodos de tempo inst\u00e1vel, com pancadas de chuva se manifestando com frequ\u00eancia em diferentes estados do Brasil. E vale destacar que as precipita\u00e7\u00f5es resultaram em boas not\u00edcias para os brasileiros. Afinal, de acordo com um comunicado divulgado pela Ag\u00eancia Nacional de Energia El\u00e9trica (Aneel) na [&hellip;]<\/p>\n","protected":false},"author":15,"featured_media":23032,"comment_status":"open","ping_status":"open","sticky":false,"template":"","format":"standard","meta":{"jnews-multi-image_gallery":[],"jnews_single_post":{"format":"standard"},"jnews_primary_category":[],"jnews_social_meta":[],"jnews_post_split":[],"footnotes":""},"categories":[1],"tags":[],"class_list":["post-23031","post","type-post","status-publish","format-standard","has-post-thumbnail","hentry","category-uncategorized"],"_links":{"self":[{"href":"https:\/\/diariodepernambuco.audiencelabs.com.br\/wp-json\/wp\/v2\/posts\/23031","targetHints":{"allow":["GET"]}}],"collection":[{"href":"https:\/\/diariodepernambuco.audiencelabs.com.br\/wp-json\/wp\/v2\/posts"}],"about":[{"href":"https:\/\/diariodepernambuco.audiencelabs.com.br\/wp-json\/wp\/v2\/types\/post"}],"author":[{"embeddable":true,"href":"https:\/\/diariodepernambuco.audiencelabs.com.br\/wp-json\/wp\/v2\/users\/15"}],"replies":[{"embeddable":true,"href":"https:\/\/diariodepernambuco.audiencelabs.com.br\/wp-json\/wp\/v2\/comments?post=23031"}],"version-history":[{"count":2,"href":"https:\/\/diariodepernambuco.audiencelabs.com.br\/wp-json\/wp\/v2\/posts\/23031\/revisions"}],"predecessor-version":[{"id":23061,"href":"https:\/\/diariodepernambuco.audiencelabs.com.br\/wp-json\/wp\/v2\/posts\/23031\/revisions\/23061"}],"wp:featuredmedia":[{"embeddable":true,"href":"https:\/\/diariodepernambuco.audiencelabs.com.br\/wp-json\/wp\/v2\/media\/23032"}],"wp:attachment":[{"href":"https:\/\/diariodepernambuco.audiencelabs.com.br\/wp-json\/wp\/v2\/media?parent=23031"}],"wp:term":[{"taxonomy":"category","embeddable":true,"href":"https:\/\/diariodepernambuco.audiencelabs.com.br\/wp-json\/wp\/v2\/categories?post=23031"},{"taxonomy":"post_tag","embeddable":true,"href":"https:\/\/diariodepernambuco.audiencelabs.com.br\/wp-json\/wp\/v2\/tags?post=23031"}],"curies":[{"name":"wp","href":"https:\/\/api.w.org\/{rel}","templated":true}]}}