{"id":23068,"date":"2026-04-04T11:20:00","date_gmt":"2026-04-04T14:20:00","guid":{"rendered":"https:\/\/diariodepernambuco.audiencelabs.com.br\/?p=23068"},"modified":"2026-03-31T14:28:22","modified_gmt":"2026-03-31T17:28:22","slug":"cantora-de-33-anos-tem-fortuna-de-meio-bilhao-e-vive-em-mansao-gigante","status":"publish","type":"post","link":"https:\/\/diariodepernambuco.audiencelabs.com.br\/cantora-de-33-anos-tem-fortuna-de-meio-bilhao-e-vive-em-mansao-gigante\/","title":{"rendered":"Cantora de 33 anos tem fortuna de meio bilh\u00e3o e vive em mans\u00e3o gigante"},"content":{"rendered":"\n<p>A cantora Anitta voltou a chamar aten\u00e7\u00e3o ao ter detalhes de sua fortuna e estilo de vida revelados. Aos 33 anos, a artista acumula um patrim\u00f4nio estimado em cerca de R$ 500 milh\u00f5es, consolidando-se como uma das figuras mais bem-sucedidas da m\u00fasica brasileira e internacional.<\/p>\n\n\n\n<p>Nascida como Larissa de Macedo Machado, ela construiu sua carreira com estrat\u00e9gia e vis\u00e3o de neg\u00f3cios. Muito al\u00e9m dos palcos, transformou sua imagem em uma marca global, com receitas que v\u00e3o desde shows e m\u00fasicas at\u00e9 contratos publicit\u00e1rios e investimentos em diferentes \u00e1reas.<\/p>\n\n\n\n<p>Parte desse sucesso tamb\u00e9m se reflete no padr\u00e3o de vida da artista. Ela vive em uma mans\u00e3o de aproximadamente 1.500 metros quadrados, localizada de forma discreta na Floresta da Tijuca, na Zona Oeste do Rio de Janeiro. O im\u00f3vel oferece uma vista privilegiada para a Pedra da G\u00e1vea e j\u00e1 foi cen\u00e1rio de produ\u00e7\u00f5es da TV Globo.<\/p>\n\n\n\n<p>A escolha da resid\u00eancia revela uma mudan\u00e7a no estilo de vida da cantora, que hoje prioriza privacidade e contato com a natureza. Diferente do in\u00edcio da carreira, marcado pela intensa exposi\u00e7\u00e3o e rotina agitada, o espa\u00e7o atual reflete um momento mais equilibrado e reservado, sem abrir m\u00e3o do luxo e da sofistica\u00e7\u00e3o.<\/p>\n\n\n\n<h2 class=\"wp-block-heading\">O segredo por tr\u00e1s do sucesso milion\u00e1rio<\/h2>\n\n\n\n<p>O crescimento financeiro de Anitta est\u00e1 diretamente ligado \u00e0 forma como ela administra sua carreira. Diferente de muitos artistas, ela sempre teve participa\u00e7\u00e3o ativa nas decis\u00f5es estrat\u00e9gicas, o que contribuiu para ampliar seus ganhos e consolidar sua independ\u00eancia no mercado musical.<\/p>\n\n\n\n<p>Al\u00e9m disso, a cantora apostou fortemente na internacionaliza\u00e7\u00e3o, levando sua m\u00fasica para novos p\u00fablicos e mercados. Essa combina\u00e7\u00e3o de talento art\u00edstico com vis\u00e3o empresarial foi essencial para transformar sua trajet\u00f3ria em um verdadeiro imp\u00e9rio, colocando seu nome entre os mais influentes da ind\u00fastria do entretenimento.<\/p>\n","protected":false},"excerpt":{"rendered":"<p>A cantora Anitta voltou a chamar aten\u00e7\u00e3o ao ter detalhes de sua fortuna e estilo de vida revelados. Aos 33 anos, a artista acumula um patrim\u00f4nio estimado em cerca de R$ 500 milh\u00f5es, consolidando-se como uma das figuras mais bem-sucedidas da m\u00fasica brasileira e internacional. Nascida como Larissa de Macedo Machado, ela construiu sua carreira [&hellip;]<\/p>\n","protected":false},"author":4,"featured_media":23071,"comment_status":"open","ping_status":"open","sticky":false,"template":"","format":"standard","meta":{"jnews-multi-image_gallery":[],"jnews_single_post":{"format":"standard"},"jnews_primary_category":[],"jnews_social_meta":[],"jnews_post_split":[],"footnotes":""},"categories":[1],"tags":[],"class_list":["post-23068","post","type-post","status-publish","format-standard","has-post-thumbnail","hentry","category-uncategorized"],"_links":{"self":[{"href":"https:\/\/diariodepernambuco.audiencelabs.com.br\/wp-json\/wp\/v2\/posts\/23068","targetHints":{"allow":["GET"]}}],"collection":[{"href":"https:\/\/diariodepernambuco.audiencelabs.com.br\/wp-json\/wp\/v2\/posts"}],"about":[{"href":"https:\/\/diariodepernambuco.audiencelabs.com.br\/wp-json\/wp\/v2\/types\/post"}],"author":[{"embeddable":true,"href":"https:\/\/diariodepernambuco.audiencelabs.com.br\/wp-json\/wp\/v2\/users\/4"}],"replies":[{"embeddable":true,"href":"https:\/\/diariodepernambuco.audiencelabs.com.br\/wp-json\/wp\/v2\/comments?post=23068"}],"version-history":[{"count":1,"href":"https:\/\/diariodepernambuco.audiencelabs.com.br\/wp-json\/wp\/v2\/posts\/23068\/revisions"}],"predecessor-version":[{"id":23069,"href":"https:\/\/diariodepernambuco.audiencelabs.com.br\/wp-json\/wp\/v2\/posts\/23068\/revisions\/23069"}],"wp:featuredmedia":[{"embeddable":true,"href":"https:\/\/diariodepernambuco.audiencelabs.com.br\/wp-json\/wp\/v2\/media\/23071"}],"wp:attachment":[{"href":"https:\/\/diariodepernambuco.audiencelabs.com.br\/wp-json\/wp\/v2\/media?parent=23068"}],"wp:term":[{"taxonomy":"category","embeddable":true,"href":"https:\/\/diariodepernambuco.audiencelabs.com.br\/wp-json\/wp\/v2\/categories?post=23068"},{"taxonomy":"post_tag","embeddable":true,"href":"https:\/\/diariodepernambuco.audiencelabs.com.br\/wp-json\/wp\/v2\/tags?post=23068"}],"curies":[{"name":"wp","href":"https:\/\/api.w.org\/{rel}","templated":true}]}}