{"id":23079,"date":"2026-04-01T19:15:00","date_gmt":"2026-04-01T22:15:00","guid":{"rendered":"https:\/\/diariodepernambuco.audiencelabs.com.br\/?p=23079"},"modified":"2026-03-31T16:06:09","modified_gmt":"2026-03-31T19:06:09","slug":"filipe-luis-define-seu-futuro-apos-deixar-o-flamengo","status":"publish","type":"post","link":"https:\/\/diariodepernambuco.audiencelabs.com.br\/filipe-luis-define-seu-futuro-apos-deixar-o-flamengo\/","title":{"rendered":"Filipe Lu\u00eds define seu futuro ap\u00f3s deixar o Flamengo"},"content":{"rendered":"\n<p>Perto de completar um m\u00eas de sa\u00edda do Flamengo, o t\u00e9cnico Filipe Lu\u00eds decidiu fazer uma pausa para planejar com calma o futuro da carreira. Depois de deixar o clube carioca, ele tem aproveitado para se dedicar \u00e0 fam\u00edlia e ao pr\u00f3prio desenvolvimento profissional.<\/p>\n\n\n\n<p>Segundo informa\u00e7\u00f5es do ge, Filipe Lu\u00eds tem estudado novas tend\u00eancias do futebol europeu e conversado com outros treinadores para se atualizar. Esse per\u00edodo serve como uma oportunidade para que ele se prepare antes de voltar a comandar um time.<\/p>\n\n\n\n<h2 class=\"wp-block-heading\">Europa como destino<\/h2>\n\n\n\n<p>Mesmo recebendo sondagens de clubes brasileiros, como o Cruzeiro, e de clubes de fora, o treinador j\u00e1 deixou claro que seu foco est\u00e1 em atuar na Europa. Al\u00e9m da visibilidade internacional, ele busca experi\u00eancias que contribuam para seu crescimento como profissional e ofere\u00e7am novos desafios.<\/p>\n\n\n\n<h2 class=\"wp-block-heading\">Planejamento para o retorno<\/h2>\n\n\n\n<p>O retorno ao trabalho deve acontecer ap\u00f3s uma prepara\u00e7\u00e3o completa e no momento em que o treinador achar certo. Enquanto isso, Filipe Lu\u00eds mant\u00e9m contato com empres\u00e1rios e analisa poss\u00edveis clubes que se encaixem com o que procura no momento.<\/p>\n","protected":false},"excerpt":{"rendered":"<p>Perto de completar um m\u00eas de sa\u00edda do Flamengo, o t\u00e9cnico Filipe Lu\u00eds decidiu fazer uma pausa para planejar com calma o futuro da carreira. Depois de deixar o clube carioca, ele tem aproveitado para se dedicar \u00e0 fam\u00edlia e ao pr\u00f3prio desenvolvimento profissional. Segundo informa\u00e7\u00f5es do ge, Filipe Lu\u00eds tem estudado novas tend\u00eancias do [&hellip;]<\/p>\n","protected":false},"author":17,"featured_media":21747,"comment_status":"open","ping_status":"open","sticky":false,"template":"","format":"standard","meta":{"jnews-multi-image_gallery":[],"jnews_single_post":{"format":"standard"},"jnews_primary_category":[],"jnews_social_meta":[],"jnews_post_split":[],"footnotes":""},"categories":[1],"tags":[],"class_list":["post-23079","post","type-post","status-publish","format-standard","has-post-thumbnail","hentry","category-uncategorized"],"_links":{"self":[{"href":"https:\/\/diariodepernambuco.audiencelabs.com.br\/wp-json\/wp\/v2\/posts\/23079","targetHints":{"allow":["GET"]}}],"collection":[{"href":"https:\/\/diariodepernambuco.audiencelabs.com.br\/wp-json\/wp\/v2\/posts"}],"about":[{"href":"https:\/\/diariodepernambuco.audiencelabs.com.br\/wp-json\/wp\/v2\/types\/post"}],"author":[{"embeddable":true,"href":"https:\/\/diariodepernambuco.audiencelabs.com.br\/wp-json\/wp\/v2\/users\/17"}],"replies":[{"embeddable":true,"href":"https:\/\/diariodepernambuco.audiencelabs.com.br\/wp-json\/wp\/v2\/comments?post=23079"}],"version-history":[{"count":2,"href":"https:\/\/diariodepernambuco.audiencelabs.com.br\/wp-json\/wp\/v2\/posts\/23079\/revisions"}],"predecessor-version":[{"id":23084,"href":"https:\/\/diariodepernambuco.audiencelabs.com.br\/wp-json\/wp\/v2\/posts\/23079\/revisions\/23084"}],"wp:featuredmedia":[{"embeddable":true,"href":"https:\/\/diariodepernambuco.audiencelabs.com.br\/wp-json\/wp\/v2\/media\/21747"}],"wp:attachment":[{"href":"https:\/\/diariodepernambuco.audiencelabs.com.br\/wp-json\/wp\/v2\/media?parent=23079"}],"wp:term":[{"taxonomy":"category","embeddable":true,"href":"https:\/\/diariodepernambuco.audiencelabs.com.br\/wp-json\/wp\/v2\/categories?post=23079"},{"taxonomy":"post_tag","embeddable":true,"href":"https:\/\/diariodepernambuco.audiencelabs.com.br\/wp-json\/wp\/v2\/tags?post=23079"}],"curies":[{"name":"wp","href":"https:\/\/api.w.org\/{rel}","templated":true}]}}