{"id":23082,"date":"2026-04-01T14:02:00","date_gmt":"2026-04-01T17:02:00","guid":{"rendered":"https:\/\/diariodepernambuco.audiencelabs.com.br\/?p=23082"},"modified":"2026-03-31T16:36:30","modified_gmt":"2026-03-31T19:36:30","slug":"melhor-destino-para-voce-viajar-na-pascoa-foi-revelado","status":"publish","type":"post","link":"https:\/\/diariodepernambuco.audiencelabs.com.br\/melhor-destino-para-voce-viajar-na-pascoa-foi-revelado\/","title":{"rendered":"Melhor destino para voc\u00ea viajar na P\u00e1scoa foi revelado"},"content":{"rendered":"\n<p>Para muitas fam\u00edlias brasileiras, <strong>passar a P\u00e1scoa em casa <\/strong>\u00e9 uma escolha comum, principalmente por conta do significado religioso do feriado, que \u00e9 considerado um momento para reflex\u00e3o e uni\u00e3o familiar.<\/p>\n\n\n\n<p>Em contrapartida, h\u00e1 tamb\u00e9m uma parcela significativa de pessoas <strong>pretendem aproveitar o per\u00edodo para viajar<\/strong>, considerando que a data integra a lista de fins de semana prolongados previstos para 2026.<\/p>\n\n\n\n<p>E \u00e9 importante lembrar que, embora existam in\u00fameros destinos excelentes para quem est\u00e1 fazendo planos para celebrar a P\u00e1scoa fora de casa, <strong>uma op\u00e7\u00e3o no Sul do pa\u00eds se destaca<\/strong>, sobretudo por conta da transforma\u00e7\u00e3o que a data promove no local.<\/p>\n\n\n\n<p>Trata-se <strong>da cidade de Gramado, na Serra Ga\u00facha<\/strong>, que conta com uma programa\u00e7\u00e3o completa, exclusiva para o m\u00eas do feriado. Entre as atra\u00e7\u00f5es, est\u00e3o desfiles, atividades infantis, shows e experi\u00eancias ligadas ao chocolate artesanal.<\/p>\n\n\n\n<p>Al\u00e9m das atra\u00e7\u00f5es tur\u00edsticas, o destino <strong>tamb\u00e9m oferece programa\u00e7\u00f5es religiosas<\/strong>, assegurando que nenhum aspecto da data seja negligenciado. Dessa forma, para aqueles que desejam viajar sem abrir m\u00e3o das tradi\u00e7\u00f5es da P\u00e1scoa, Gramado se apresenta como uma excelente op\u00e7\u00e3o.<\/p>\n\n\n\n<h2 class=\"wp-block-heading\">Outras op\u00e7\u00f5es de destino para a P\u00e1scoa: conhe\u00e7a mais op\u00e7\u00f5es<\/h2>\n\n\n\n<p>Ainda que Gramado se destaque como uma alternativa atrativa para a P\u00e1scoa, suas caracter\u00edsticas <strong>podem n\u00e3o atender a todos os perfis de viajantes<\/strong>. Diante disso, os seguintes destinos podem contemplar um p\u00fablico mais amplo:<\/p>\n\n\n\n<ul class=\"wp-block-list\">\n<li><strong>Pomerode (SC):<\/strong> conta com a Osterfest, um festival que apresenta uma programa\u00e7\u00e3o inspirada na cultura alem\u00e3 e atra\u00e7\u00f5es como o maior ovo de P\u00e1scoa do mundo;<\/li>\n\n\n\n<li><strong>Ouro Preto (MG):<\/strong> ideal para turismo religioso, se destaca pelas decora\u00e7\u00f5es feitas com tapetes de serragem nas ladeiras;<\/li>\n\n\n\n<li><strong>Campos do Jord\u00e3o (SP): <\/strong>al\u00e9m de contar com clima de montanha e diversas lojas de chocolate artesanal, apresenta uma programa\u00e7\u00e3o especial na P\u00e1scoa;<\/li>\n\n\n\n<li><strong>Nova Jerusal\u00e9m (PE):<\/strong> recebe o maior espet\u00e1culo da Paix\u00e3o de Cristo ao ar livre do mundo.<\/li>\n<\/ul>\n","protected":false},"excerpt":{"rendered":"<p>Para muitas fam\u00edlias brasileiras, passar a P\u00e1scoa em casa \u00e9 uma escolha comum, principalmente por conta do significado religioso do feriado, que \u00e9 considerado um momento para reflex\u00e3o e uni\u00e3o familiar. Em contrapartida, h\u00e1 tamb\u00e9m uma parcela significativa de pessoas pretendem aproveitar o per\u00edodo para viajar, considerando que a data integra a lista de fins [&hellip;]<\/p>\n","protected":false},"author":15,"featured_media":23083,"comment_status":"open","ping_status":"open","sticky":false,"template":"","format":"standard","meta":{"jnews-multi-image_gallery":[],"jnews_single_post":{"format":"standard"},"jnews_primary_category":[],"jnews_social_meta":[],"jnews_post_split":[],"footnotes":""},"categories":[1],"tags":[],"class_list":["post-23082","post","type-post","status-publish","format-standard","has-post-thumbnail","hentry","category-uncategorized"],"_links":{"self":[{"href":"https:\/\/diariodepernambuco.audiencelabs.com.br\/wp-json\/wp\/v2\/posts\/23082","targetHints":{"allow":["GET"]}}],"collection":[{"href":"https:\/\/diariodepernambuco.audiencelabs.com.br\/wp-json\/wp\/v2\/posts"}],"about":[{"href":"https:\/\/diariodepernambuco.audiencelabs.com.br\/wp-json\/wp\/v2\/types\/post"}],"author":[{"embeddable":true,"href":"https:\/\/diariodepernambuco.audiencelabs.com.br\/wp-json\/wp\/v2\/users\/15"}],"replies":[{"embeddable":true,"href":"https:\/\/diariodepernambuco.audiencelabs.com.br\/wp-json\/wp\/v2\/comments?post=23082"}],"version-history":[{"count":1,"href":"https:\/\/diariodepernambuco.audiencelabs.com.br\/wp-json\/wp\/v2\/posts\/23082\/revisions"}],"predecessor-version":[{"id":23092,"href":"https:\/\/diariodepernambuco.audiencelabs.com.br\/wp-json\/wp\/v2\/posts\/23082\/revisions\/23092"}],"wp:featuredmedia":[{"embeddable":true,"href":"https:\/\/diariodepernambuco.audiencelabs.com.br\/wp-json\/wp\/v2\/media\/23083"}],"wp:attachment":[{"href":"https:\/\/diariodepernambuco.audiencelabs.com.br\/wp-json\/wp\/v2\/media?parent=23082"}],"wp:term":[{"taxonomy":"category","embeddable":true,"href":"https:\/\/diariodepernambuco.audiencelabs.com.br\/wp-json\/wp\/v2\/categories?post=23082"},{"taxonomy":"post_tag","embeddable":true,"href":"https:\/\/diariodepernambuco.audiencelabs.com.br\/wp-json\/wp\/v2\/tags?post=23082"}],"curies":[{"name":"wp","href":"https:\/\/api.w.org\/{rel}","templated":true}]}}