{"id":23085,"date":"2026-04-01T20:15:00","date_gmt":"2026-04-01T23:15:00","guid":{"rendered":"https:\/\/diariodepernambuco.audiencelabs.com.br\/?p=23085"},"modified":"2026-03-31T17:21:01","modified_gmt":"2026-03-31T20:21:01","slug":"o-que-significa-esquecer-nomes-rapidamente","status":"publish","type":"post","link":"https:\/\/diariodepernambuco.audiencelabs.com.br\/o-que-significa-esquecer-nomes-rapidamente\/","title":{"rendered":"O que significa esquecer nomes rapidamente?"},"content":{"rendered":"\n<p>Todo mundo j\u00e1 passou por aquele momento estranho e constrangedor de esquecer o nome de algu\u00e9m quando vai cumprimentar ou at\u00e9 mesmo no meio de uma conversa. Por\u00e9m, diferente do que muita gente pensa, isso n\u00e3o significa ter mem\u00f3ria ruim. Trata-se apenas de uma caracter\u00edstica normal do c\u00e9rebro.<\/p>\n\n\n\n<p>Segundo informa\u00e7\u00f5es de um artigo publicado no portal Psychology Today e reproduzidas pelo jornal O Globo, esses s\u00e3o os motivos pelos quais esquecemos nomes com frequ\u00eancia:<\/p>\n\n\n\n<h2 class=\"wp-block-heading\">Nomes n\u00e3o dizem nada sozinhos<\/h2>\n\n\n\n<p>Palavras comuns nos lembram de objetos, figuras, entre outras coisas. Por exemplo, se algu\u00e9m fala a palavra bola, voc\u00ea pensa imediatamente no objeto, Mas nomes, como &#8220;Ana&#8221; ou &#8220;Lucas&#8221;, n\u00e3o trazem imagens ou ideias imediatas, ent\u00e3o \u00e9 mais dif\u00edcil guard\u00e1-los na mem\u00f3ria.<\/p>\n\n\n\n<h2 class=\"wp-block-heading\">N\u00e3o h\u00e1 jeito de substituir<\/h2>\n\n\n\n<p>Quando esquecemos uma palavra, podemos usar outra parecida, o famoso sin\u00f4nimo. Por\u00e9m, nomes pr\u00f3prios n\u00e3o se encaixam nisso. Uma vez que voc\u00ea esquece, n\u00e3o tem como subtituir. Voc\u00ea s\u00f3 estar\u00e1 chamando a pessoa por um nome que n\u00e3o \u00e9 o dela.<\/p>\n\n\n\n<h2 class=\"wp-block-heading\">Nomes podem ser complicados<\/h2>\n\n\n\n<p>\u00c9 dif\u00edcil lembrar de nome, sobrenome e at\u00e9 apelidos de uma pessoa. \u00c0s vezes lembramos s\u00f3 de uma parte, e isso n\u00e3o ajuda muito. Em festas ou reuni\u00f5es, com v\u00e1rias pessoas novas, fica ainda mais dif\u00edcil guardar todos os nomes.<\/p>\n\n\n\n<h2 class=\"wp-block-heading\">Usamos pouco, por isso esquecemos<\/h2>\n\n\n\n<p>O c\u00e9rebro lembra melhor das coisas que usamos sempre. Como nomes pr\u00f3prios aparecem s\u00f3 de vez em quando, s\u00e3o palavras que usamos pouco, e por isso \u00e9 normal esquec\u00ea-los.<\/p>\n","protected":false},"excerpt":{"rendered":"<p>Todo mundo j\u00e1 passou por aquele momento estranho e constrangedor de esquecer o nome de algu\u00e9m quando vai cumprimentar ou at\u00e9 mesmo no meio de uma conversa. Por\u00e9m, diferente do que muita gente pensa, isso n\u00e3o significa ter mem\u00f3ria ruim. Trata-se apenas de uma caracter\u00edstica normal do c\u00e9rebro. Segundo informa\u00e7\u00f5es de um artigo publicado no [&hellip;]<\/p>\n","protected":false},"author":17,"featured_media":23102,"comment_status":"open","ping_status":"open","sticky":false,"template":"","format":"standard","meta":{"jnews-multi-image_gallery":[],"jnews_single_post":{"format":"standard"},"jnews_primary_category":[],"jnews_social_meta":[],"jnews_post_split":[],"footnotes":""},"categories":[1],"tags":[],"class_list":["post-23085","post","type-post","status-publish","format-standard","has-post-thumbnail","hentry","category-uncategorized"],"_links":{"self":[{"href":"https:\/\/diariodepernambuco.audiencelabs.com.br\/wp-json\/wp\/v2\/posts\/23085","targetHints":{"allow":["GET"]}}],"collection":[{"href":"https:\/\/diariodepernambuco.audiencelabs.com.br\/wp-json\/wp\/v2\/posts"}],"about":[{"href":"https:\/\/diariodepernambuco.audiencelabs.com.br\/wp-json\/wp\/v2\/types\/post"}],"author":[{"embeddable":true,"href":"https:\/\/diariodepernambuco.audiencelabs.com.br\/wp-json\/wp\/v2\/users\/17"}],"replies":[{"embeddable":true,"href":"https:\/\/diariodepernambuco.audiencelabs.com.br\/wp-json\/wp\/v2\/comments?post=23085"}],"version-history":[{"count":1,"href":"https:\/\/diariodepernambuco.audiencelabs.com.br\/wp-json\/wp\/v2\/posts\/23085\/revisions"}],"predecessor-version":[{"id":23103,"href":"https:\/\/diariodepernambuco.audiencelabs.com.br\/wp-json\/wp\/v2\/posts\/23085\/revisions\/23103"}],"wp:featuredmedia":[{"embeddable":true,"href":"https:\/\/diariodepernambuco.audiencelabs.com.br\/wp-json\/wp\/v2\/media\/23102"}],"wp:attachment":[{"href":"https:\/\/diariodepernambuco.audiencelabs.com.br\/wp-json\/wp\/v2\/media?parent=23085"}],"wp:term":[{"taxonomy":"category","embeddable":true,"href":"https:\/\/diariodepernambuco.audiencelabs.com.br\/wp-json\/wp\/v2\/categories?post=23085"},{"taxonomy":"post_tag","embeddable":true,"href":"https:\/\/diariodepernambuco.audiencelabs.com.br\/wp-json\/wp\/v2\/tags?post=23085"}],"curies":[{"name":"wp","href":"https:\/\/api.w.org\/{rel}","templated":true}]}}