{"id":23086,"date":"2026-04-04T00:56:00","date_gmt":"2026-04-04T03:56:00","guid":{"rendered":"https:\/\/diariodepernambuco.audiencelabs.com.br\/?p=23086"},"modified":"2026-03-31T16:22:09","modified_gmt":"2026-03-31T19:22:09","slug":"novo-mobi-vira-suv-e-engole-fiat-fastback","status":"publish","type":"post","link":"https:\/\/diariodepernambuco.audiencelabs.com.br\/novo-mobi-vira-suv-e-engole-fiat-fastback\/","title":{"rendered":"Novo Mobi vira SUV e &#8220;engole&#8221; Fiat Fastback"},"content":{"rendered":"\n<p>O tradicional Fiat Mobi est\u00e1 prestes a passar por uma transforma\u00e7\u00e3o radical que pode mudar o posicionamento da marca no Brasil. A nova gera\u00e7\u00e3o do modelo, prevista para 2028, deixar\u00e1 de lado o visual simples de hatch compacto para adotar caracter\u00edsticas t\u00edpicas de SUVs, entrando de vez em um dos segmentos mais disputados do mercado.<\/p>\n\n\n\n<p>Segundo informa\u00e7\u00f5es, o novo Mobi ser\u00e1 completamente reformulado e ganhar\u00e1 elementos como suspens\u00e3o elevada, molduras pl\u00e1sticas nos para-lamas e at\u00e9 rack de teto, refor\u00e7ando o estilo aventureiro. Al\u00e9m disso, o carro ficar\u00e1 maior e ser\u00e1 constru\u00eddo sobre uma nova plataforma global da Stellantis, aproximando-se cada vez mais de um SUV compacto de entrada.<\/p>\n\n\n\n<p>Essa mudan\u00e7a estrat\u00e9gica \u00e9 t\u00e3o significativa que impactou diretamente os planos da marca. O lan\u00e7amento da nova gera\u00e7\u00e3o do Fiat Fastback, que estava previsto para antes, acabou sendo adiado para 2029. Com isso, o Mobi ganha protagonismo e passa a ocupar um espa\u00e7o mais relevante dentro do portf\u00f3lio da montadora.<\/p>\n\n\n\n<p>Na pr\u00e1tica, o novo Mobi deve se posicionar como uma op\u00e7\u00e3o mais acess\u00edvel entre os SUVs, ficando abaixo de modelos como Pulse e outros do grupo. A estrat\u00e9gia mostra uma mudan\u00e7a clara de foco: em vez de apostar apenas em carros de entrada tradicionais, a Fiat quer atrair consumidores que buscam visual robusto e versatilidade, mesmo em modelos mais baratos.<\/p>\n\n\n\n<h2 class=\"wp-block-heading\">Mudan\u00e7a revela nova estrat\u00e9gia da Fiat no Brasil<\/h2>\n\n\n\n<p>A decis\u00e3o de transformar o Mobi em um \u201cmini SUV\u201d acompanha uma tend\u00eancia global do setor automotivo, onde os hatches compactos v\u00eam perdendo espa\u00e7o para utilit\u00e1rios esportivos. Com isso, a Fiat busca manter o modelo competitivo e alinhado \u00e0s novas prefer\u00eancias dos consumidores.<\/p>\n\n\n\n<p>Al\u00e9m disso, o adiamento do Fastback indica uma reorganiza\u00e7\u00e3o interna importante. Ao priorizar o novo Mobi, a montadora aposta em volume de vendas e em um produto mais acess\u00edvel, capaz de alcan\u00e7ar um p\u00fablico maior \u2014 mesmo que isso signifique, temporariamente, deixar em segundo plano um SUV mais sofisticado dentro da linha.<\/p>\n\n\n\n<p><\/p>\n","protected":false},"excerpt":{"rendered":"<p>O tradicional Fiat Mobi est\u00e1 prestes a passar por uma transforma\u00e7\u00e3o radical que pode mudar o posicionamento da marca no Brasil. A nova gera\u00e7\u00e3o do modelo, prevista para 2028, deixar\u00e1 de lado o visual simples de hatch compacto para adotar caracter\u00edsticas t\u00edpicas de SUVs, entrando de vez em um dos segmentos mais disputados do mercado. [&hellip;]<\/p>\n","protected":false},"author":4,"featured_media":23088,"comment_status":"open","ping_status":"open","sticky":false,"template":"","format":"standard","meta":{"jnews-multi-image_gallery":[],"jnews_single_post":{"format":"standard"},"jnews_primary_category":[],"jnews_social_meta":[],"jnews_post_split":[],"footnotes":""},"categories":[1],"tags":[],"class_list":["post-23086","post","type-post","status-publish","format-standard","has-post-thumbnail","hentry","category-uncategorized"],"_links":{"self":[{"href":"https:\/\/diariodepernambuco.audiencelabs.com.br\/wp-json\/wp\/v2\/posts\/23086","targetHints":{"allow":["GET"]}}],"collection":[{"href":"https:\/\/diariodepernambuco.audiencelabs.com.br\/wp-json\/wp\/v2\/posts"}],"about":[{"href":"https:\/\/diariodepernambuco.audiencelabs.com.br\/wp-json\/wp\/v2\/types\/post"}],"author":[{"embeddable":true,"href":"https:\/\/diariodepernambuco.audiencelabs.com.br\/wp-json\/wp\/v2\/users\/4"}],"replies":[{"embeddable":true,"href":"https:\/\/diariodepernambuco.audiencelabs.com.br\/wp-json\/wp\/v2\/comments?post=23086"}],"version-history":[{"count":3,"href":"https:\/\/diariodepernambuco.audiencelabs.com.br\/wp-json\/wp\/v2\/posts\/23086\/revisions"}],"predecessor-version":[{"id":23091,"href":"https:\/\/diariodepernambuco.audiencelabs.com.br\/wp-json\/wp\/v2\/posts\/23086\/revisions\/23091"}],"wp:featuredmedia":[{"embeddable":true,"href":"https:\/\/diariodepernambuco.audiencelabs.com.br\/wp-json\/wp\/v2\/media\/23088"}],"wp:attachment":[{"href":"https:\/\/diariodepernambuco.audiencelabs.com.br\/wp-json\/wp\/v2\/media?parent=23086"}],"wp:term":[{"taxonomy":"category","embeddable":true,"href":"https:\/\/diariodepernambuco.audiencelabs.com.br\/wp-json\/wp\/v2\/categories?post=23086"},{"taxonomy":"post_tag","embeddable":true,"href":"https:\/\/diariodepernambuco.audiencelabs.com.br\/wp-json\/wp\/v2\/tags?post=23086"}],"curies":[{"name":"wp","href":"https:\/\/api.w.org\/{rel}","templated":true}]}}