{"id":23093,"date":"2026-04-01T16:03:00","date_gmt":"2026-04-01T19:03:00","guid":{"rendered":"https:\/\/diariodepernambuco.audiencelabs.com.br\/?p=23093"},"modified":"2026-04-02T11:00:32","modified_gmt":"2026-04-02T14:00:32","slug":"carro-mais-barato-do-brasil-em-2026-tem-conforto-e-proporciona-boa-velocidade","status":"publish","type":"post","link":"https:\/\/diariodepernambuco.audiencelabs.com.br\/carro-mais-barato-do-brasil-em-2026-tem-conforto-e-proporciona-boa-velocidade\/","title":{"rendered":"Carro mais barato do Brasil em 2026 tem conforto e proporciona boa velocidade"},"content":{"rendered":"\n<p>Na hora de escolher um carro, aspectos como design e desempenho n\u00e3o s\u00e3o os \u00fanicos fatores avaliados pelos brasileiros, tendo em vista que uma parcela significativa da popula\u00e7\u00e3o<strong> integra classes sociais mais modestas<\/strong>.<\/p>\n\n\n\n<p>Limita\u00e7\u00f5es de renda acabam for\u00e7ando muitas pessoas a <strong>alinharem suas perspectivas com op\u00e7\u00f5es de ve\u00edculo mais baratas<\/strong>. Por\u00e9m, isso n\u00e3o significa que os modelos com pre\u00e7os mais em conta ofere\u00e7am poucas vantagens.<\/p>\n\n\n\n<p>Afinal, atualmente, \u00e9 poss\u00edvel encontrar muitos <strong>carros 0 km com valores abaixo de R$ 100 mil<\/strong> que, al\u00e9m de se destacarem por sua beleza e pelo conforto que podem proporcionar, ainda impressionam por sua performance, superando expectativas.<\/p>\n\n\n\n<p>De acordo com uma lista divulgada pelo portal <em>Quatro Rodas<\/em>, nesse in\u00edcio de 2026, o posto de carro mais barato do Brasil <strong>\u00e9 ocupado pelo Citro\u00ebn C3<\/strong>, o hatch compacto vers\u00e1til da montadora francesa, que apresenta um visual no estilo SUV e pode ser encontrado por pre\u00e7os a partir de R$ 77.290.<\/p>\n\n\n\n<p>Focado em economia e agilidade urbana, o ve\u00edculo conta <strong>com motor 1.0 Firefly<\/strong>, que se destaca pelo bom torque em baixas rota\u00e7\u00f5es e baixo custo de manuten\u00e7\u00e3o. Al\u00e9m disso, o C3 ainda inclui um porta-malas de 315 litros, dire\u00e7\u00e3o assistida, monitoramento de press\u00e3o dos pneus e quatro airbags.<\/p>\n\n\n\n<blockquote class=\"instagram-media\" data-instgrm-captioned data-instgrm-permalink=\"https:\/\/www.instagram.com\/p\/DNBEGM1s7XF\/?utm_source=ig_embed&amp;utm_campaign=loading\" data-instgrm-version=\"14\" style=\"background:#FFF;border:0;border-radius:3px;margin: 1px;max-width:540px;min-width:326px;padding:0;width:99.375%;width:-webkit-calc(100% - 2px);width:calc(100% - 2px)\"><div style=\"padding:16px\"> <a href=\"https:\/\/www.instagram.com\/p\/DNBEGM1s7XF\/?utm_source=ig_embed&amp;utm_campaign=loading\" style=\"background:#FFFFFF;line-height:0;padding:0 0;text-align:center;text-decoration:none;width:100%\" target=\"_blank\" rel=\"noopener\"> <div style=\"flex-direction: row;align-items: center\"> <div style=\"background-color: #F4F4F4;border-radius: 50%;flex-grow: 0;height: 40px;margin-right: 14px;width: 40px\"><\/div> <div style=\"flex-direction: column;flex-grow: 1;justify-content: center\"> <div style=\"background-color: #F4F4F4;border-radius: 4px;flex-grow: 0;height: 14px;margin-bottom: 6px;width: 100px\"><\/div> <div style=\"background-color: #F4F4F4;border-radius: 4px;flex-grow: 0;height: 14px;width: 60px\"><\/div><\/div><\/div><div style=\"padding: 19% 0\"><\/div> <div style=\"height:50px;margin:0 auto 12px;width:50px\"><\/div><div style=\"padding-top: 8px\"> <div style=\"color:#3897f0;font-family:Arial,sans-serif;font-size:14px;font-style:normal;font-weight:550;line-height:18px\">Ver essa foto no Instagram<\/div><\/div><div style=\"padding: 12.5% 0\"><\/div> <div style=\"flex-direction: row;margin-bottom: 14px;align-items: center\"><div> <div style=\"background-color: #F4F4F4;border-radius: 50%;height: 12.5px;width: 12.5px\"><\/div> <div style=\"background-color: #F4F4F4;height: 12.5px;width: 12.5px;flex-grow: 0;margin-right: 14px;margin-left: 2px\"><\/div> <div style=\"background-color: #F4F4F4;border-radius: 50%;height: 12.5px;width: 12.5px\"><\/div><\/div><div style=\"margin-left: 8px\"> <div style=\"background-color: #F4F4F4;border-radius: 50%;flex-grow: 0;height: 20px;width: 20px\"><\/div> <div style=\"width: 0;height: 0;border-top: 2px solid transparent;border-left: 6px solid #f4f4f4;border-bottom: 2px solid transparent\"><\/div><\/div><div style=\"margin-left: auto\"> <div style=\"width: 0px;border-top: 8px solid #F4F4F4;border-right: 8px solid transparent\"><\/div> <div style=\"background-color: #F4F4F4;flex-grow: 0;height: 12px;width: 16px\"><\/div> <div style=\"width: 0;height: 0;border-top: 8px solid #F4F4F4;border-left: 8px solid transparent\"><\/div><\/div><\/div> <div style=\"flex-direction: column;flex-grow: 1;justify-content: center;margin-bottom: 24px\"> <div style=\"background-color: #F4F4F4;border-radius: 4px;flex-grow: 0;height: 14px;margin-bottom: 6px;width: 224px\"><\/div> <div style=\"background-color: #F4F4F4;border-radius: 4px;flex-grow: 0;height: 14px;width: 144px\"><\/div><\/div><\/a><p style=\"color:#c9c8cd;font-family:Arial,sans-serif;font-size:14px;line-height:17px;margin-bottom:0;margin-top:8px;overflow:hidden;padding:8px 0 7px;text-align:center;white-space:nowrap\"><a href=\"https:\/\/www.instagram.com\/p\/DNBEGM1s7XF\/?utm_source=ig_embed&amp;utm_campaign=loading\" style=\"color:#c9c8cd;font-family:Arial,sans-serif;font-size:14px;font-style:normal;font-weight:normal;line-height:17px;text-decoration:none\" target=\"_blank\" rel=\"noopener\">Um post compartilhado por Citroe\u0308n do Brasil (@citroenbrasil)<\/a><\/p><\/div><\/blockquote>\n<script async src=\"\/\/www.instagram.com\/embed.js\"><\/script>\n\n\n\n<h2 class=\"wp-block-heading\">Mais op\u00e7\u00f5es: confira a lista completa dos carros mais baratos do Brasil em 2026<\/h2>\n\n\n\n<p>Embora lidere a lista do portal <em>Quatro Rodas<\/em> por seu pre\u00e7o, o ve\u00edculo da Citro\u00ebn integra uma disputa acirrada, uma vez que o seguintes carros tamb\u00e9m apareceram em destaque no p\u00e1reo:<\/p>\n\n\n\n<ul class=\"wp-block-list\">\n<li><strong>Renault Kwid Zen: R$ 78.690;<\/strong><\/li>\n\n\n\n<li><strong>Fiat Mobi Like: R$ 82.560;<\/strong><\/li>\n\n\n\n<li><strong>Peugeot 208 Style 1.0 MT: R$ 93.990;<\/strong><\/li>\n\n\n\n<li><strong>Fiat Argo 1.0: R$ 94.790;<\/strong><\/li>\n\n\n\n<li><strong>Volkswagen Polo Track: R$ 95.490;<\/strong><\/li>\n\n\n\n<li><strong>Hyundai HB20 Comfort 1.0: R$ 96.140;<\/strong><\/li>\n\n\n\n<li><strong>Citro\u00ebn Basalt Feel 1.0 MT: R$ 96.690;<\/strong><\/li>\n\n\n\n<li><strong>Renault Kwid E-tech Techno: R$ 99.990;<\/strong><\/li>\n\n\n\n<li><strong>Chevrolet Onix 1.0 MT: R$ 101.790.<\/strong><\/li>\n<\/ul>\n\n\n\n<p><\/p>\n","protected":false},"excerpt":{"rendered":"<p>Na hora de escolher um carro, aspectos como design e desempenho n\u00e3o s\u00e3o os \u00fanicos fatores avaliados pelos brasileiros, tendo em vista que uma parcela significativa da popula\u00e7\u00e3o integra classes sociais mais modestas. Limita\u00e7\u00f5es de renda acabam for\u00e7ando muitas pessoas a alinharem suas perspectivas com op\u00e7\u00f5es de ve\u00edculo mais baratas. Por\u00e9m, isso n\u00e3o significa que [&hellip;]<\/p>\n","protected":false},"author":15,"featured_media":23094,"comment_status":"open","ping_status":"open","sticky":false,"template":"","format":"standard","meta":{"jnews-multi-image_gallery":[],"jnews_single_post":{"format":"standard"},"jnews_primary_category":[],"jnews_social_meta":[],"jnews_post_split":[],"footnotes":""},"categories":[1],"tags":[],"class_list":["post-23093","post","type-post","status-publish","format-standard","has-post-thumbnail","hentry","category-uncategorized"],"_links":{"self":[{"href":"https:\/\/diariodepernambuco.audiencelabs.com.br\/wp-json\/wp\/v2\/posts\/23093","targetHints":{"allow":["GET"]}}],"collection":[{"href":"https:\/\/diariodepernambuco.audiencelabs.com.br\/wp-json\/wp\/v2\/posts"}],"about":[{"href":"https:\/\/diariodepernambuco.audiencelabs.com.br\/wp-json\/wp\/v2\/types\/post"}],"author":[{"embeddable":true,"href":"https:\/\/diariodepernambuco.audiencelabs.com.br\/wp-json\/wp\/v2\/users\/15"}],"replies":[{"embeddable":true,"href":"https:\/\/diariodepernambuco.audiencelabs.com.br\/wp-json\/wp\/v2\/comments?post=23093"}],"version-history":[{"count":1,"href":"https:\/\/diariodepernambuco.audiencelabs.com.br\/wp-json\/wp\/v2\/posts\/23093\/revisions"}],"predecessor-version":[{"id":23098,"href":"https:\/\/diariodepernambuco.audiencelabs.com.br\/wp-json\/wp\/v2\/posts\/23093\/revisions\/23098"}],"wp:featuredmedia":[{"embeddable":true,"href":"https:\/\/diariodepernambuco.audiencelabs.com.br\/wp-json\/wp\/v2\/media\/23094"}],"wp:attachment":[{"href":"https:\/\/diariodepernambuco.audiencelabs.com.br\/wp-json\/wp\/v2\/media?parent=23093"}],"wp:term":[{"taxonomy":"category","embeddable":true,"href":"https:\/\/diariodepernambuco.audiencelabs.com.br\/wp-json\/wp\/v2\/categories?post=23093"},{"taxonomy":"post_tag","embeddable":true,"href":"https:\/\/diariodepernambuco.audiencelabs.com.br\/wp-json\/wp\/v2\/tags?post=23093"}],"curies":[{"name":"wp","href":"https:\/\/api.w.org\/{rel}","templated":true}]}}