{"id":23100,"date":"2026-04-04T09:45:00","date_gmt":"2026-04-04T12:45:00","guid":{"rendered":"https:\/\/diariodepernambuco.audiencelabs.com.br\/?p=23100"},"modified":"2026-03-31T17:36:59","modified_gmt":"2026-03-31T20:36:59","slug":"ira-volta-atras-na-decisao-de-jogar-a-copa-do-mundo","status":"publish","type":"post","link":"https:\/\/diariodepernambuco.audiencelabs.com.br\/ira-volta-atras-na-decisao-de-jogar-a-copa-do-mundo\/","title":{"rendered":"Ir\u00e3 volta atr\u00e1s na decis\u00e3o de jogar a Copa do Mundo"},"content":{"rendered":"\n<p>A deflagra\u00e7\u00e3o do conflito com os Estados Unidos lan\u00e7ou incertezas sobre<strong> a participa\u00e7\u00e3o do Ir\u00e3 na Copa do Mundo de 2026<\/strong>, sobretudo por conta do fato de que uma parcela significativa das partidas ser\u00e1 disputada em territ\u00f3rio norte-americano.<\/p>\n\n\n\n<p>Vale lembrar inclusive que, no come\u00e7o de mar\u00e7o, o ministro iraniano do Esporte chegou a afirmar que a sele\u00e7\u00e3o <strong>n\u00e3o participaria do evento &#8220;sob nenhuma circunst\u00e2ncia&#8221;<\/strong>. Contudo, a proibi\u00e7\u00e3o finalmente parece ter sido revogada.<\/p>\n\n\n\n<p>Isso porque o presidente da Federa\u00e7\u00e3o Internacional de Futebol (FIFA), Gianni Infantino, confirmou, em uma entrevista concedida \u00e0 ag\u00eancia de not\u00edcias<em> AFP<\/em>, que <strong>o Ir\u00e3 permanece entre as equipes confirmadas na atual edi\u00e7\u00e3o da Copa do Mundo<\/strong>.<\/p>\n\n\n\n<p>A informa\u00e7\u00e3o foi confirmada pelo executivo na \u00faltima ter\u00e7a-feira (31), durante sua apari\u00e7\u00e3o no amistoso disputado entre a sele\u00e7\u00e3o iraniana e a equipe da Costa Rica em Antalya, no sul da Turquia. Na ocasi\u00e3o, <strong>ele afirmou ter conversado com jogadores e seu treinador<\/strong>.<\/p>\n\n\n\n<p>Al\u00e9m de garantir que o time est\u00e1 animado para entrar em campo, Infantino ainda elogiou a sele\u00e7\u00e3o iraniana, classificando-a como <strong>&#8220;uma equipe muito, muito forte&#8221;<\/strong>, e ressaltou estar contente com a participa\u00e7\u00e3o da equipe.<\/p>\n\n\n\n<h2 class=\"wp-block-heading\">Ir\u00e3 disputar\u00e1 jogos da primeira fase nos Estados Unidos<\/h2>\n\n\n\n<p>Em meados de mar\u00e7o, a Federa\u00e7\u00e3o Iraniana de Futebol teria iniciado tratativas com a FIFA para avaliar a possibilidade de<strong> transferir suas partidas da fase inicial da Copa do Mundo para o M\u00e9xico<\/strong>, que figura entre os pa\u00edses-sede do torneio.<\/p>\n\n\n\n<p>Todavia, apesar do desejo da sele\u00e7\u00e3o do Ir\u00e3 e da receptividade da presidente do M\u00e9xico, Claudia Sheinbaum, \u00e0 possibilidade, Infantino afirmou que<strong> o planejamento da competi\u00e7\u00e3o n\u00e3o ser\u00e1 modificado<\/strong>.<\/p>\n\n\n\n<p>Com isso, o Ir\u00e3 enfrentar\u00e1 a Nova Zel\u00e2ndia e a B\u00e9lgica em Los Angeles, e depois o Egito em Seattle. Al\u00e9m disso, a sele\u00e7\u00e3o tamb\u00e9m deve se instaurar em um centro de treinamento que ficar\u00e1 situado em Tucson, no Arizona.<\/p>\n","protected":false},"excerpt":{"rendered":"<p>A deflagra\u00e7\u00e3o do conflito com os Estados Unidos lan\u00e7ou incertezas sobre a participa\u00e7\u00e3o do Ir\u00e3 na Copa do Mundo de 2026, sobretudo por conta do fato de que uma parcela significativa das partidas ser\u00e1 disputada em territ\u00f3rio norte-americano. Vale lembrar inclusive que, no come\u00e7o de mar\u00e7o, o ministro iraniano do Esporte chegou a afirmar que [&hellip;]<\/p>\n","protected":false},"author":15,"featured_media":23101,"comment_status":"open","ping_status":"open","sticky":false,"template":"","format":"standard","meta":{"jnews-multi-image_gallery":[],"jnews_single_post":{"format":"standard"},"jnews_primary_category":[],"jnews_social_meta":[],"jnews_post_split":[],"footnotes":""},"categories":[1],"tags":[],"class_list":["post-23100","post","type-post","status-publish","format-standard","has-post-thumbnail","hentry","category-uncategorized"],"_links":{"self":[{"href":"https:\/\/diariodepernambuco.audiencelabs.com.br\/wp-json\/wp\/v2\/posts\/23100","targetHints":{"allow":["GET"]}}],"collection":[{"href":"https:\/\/diariodepernambuco.audiencelabs.com.br\/wp-json\/wp\/v2\/posts"}],"about":[{"href":"https:\/\/diariodepernambuco.audiencelabs.com.br\/wp-json\/wp\/v2\/types\/post"}],"author":[{"embeddable":true,"href":"https:\/\/diariodepernambuco.audiencelabs.com.br\/wp-json\/wp\/v2\/users\/15"}],"replies":[{"embeddable":true,"href":"https:\/\/diariodepernambuco.audiencelabs.com.br\/wp-json\/wp\/v2\/comments?post=23100"}],"version-history":[{"count":1,"href":"https:\/\/diariodepernambuco.audiencelabs.com.br\/wp-json\/wp\/v2\/posts\/23100\/revisions"}],"predecessor-version":[{"id":23105,"href":"https:\/\/diariodepernambuco.audiencelabs.com.br\/wp-json\/wp\/v2\/posts\/23100\/revisions\/23105"}],"wp:featuredmedia":[{"embeddable":true,"href":"https:\/\/diariodepernambuco.audiencelabs.com.br\/wp-json\/wp\/v2\/media\/23101"}],"wp:attachment":[{"href":"https:\/\/diariodepernambuco.audiencelabs.com.br\/wp-json\/wp\/v2\/media?parent=23100"}],"wp:term":[{"taxonomy":"category","embeddable":true,"href":"https:\/\/diariodepernambuco.audiencelabs.com.br\/wp-json\/wp\/v2\/categories?post=23100"},{"taxonomy":"post_tag","embeddable":true,"href":"https:\/\/diariodepernambuco.audiencelabs.com.br\/wp-json\/wp\/v2\/tags?post=23100"}],"curies":[{"name":"wp","href":"https:\/\/api.w.org\/{rel}","templated":true}]}}