{"id":23110,"date":"2026-04-04T10:34:00","date_gmt":"2026-04-04T13:34:00","guid":{"rendered":"https:\/\/diariodepernambuco.audiencelabs.com.br\/?p=23110"},"modified":"2026-03-31T18:34:20","modified_gmt":"2026-03-31T21:34:20","slug":"carro-eletrico-mais-potente-do-mundo-faz-500-km-h-e-bate-recorde-de-velocidade","status":"publish","type":"post","link":"https:\/\/diariodepernambuco.audiencelabs.com.br\/carro-eletrico-mais-potente-do-mundo-faz-500-km-h-e-bate-recorde-de-velocidade\/","title":{"rendered":"Carro el\u00e9trico mais potente do mundo faz 500 km\/h e bate recorde de velocidade"},"content":{"rendered":"\n<p>O Yangwang U9, o mais recente superesportivo el\u00e9trico da BYD, bateu recorde de velocidade e agora \u00e9 o carro el\u00e9trico de produ\u00e7\u00e3o mais r\u00e1pido do mundo. Em testes realizados em Papenburg, na Alemanha, o modelo atingiu quase 500 km\/h. As informa\u00e7\u00f5es s\u00e3o do g1.<\/p>\n\n\n\n<h2 class=\"wp-block-heading\">Pot\u00eancia e acelera\u00e7\u00e3o<\/h2>\n\n\n\n<p>O teste foi realizado na vers\u00e3o Track, a mais potente do U9, que tem foco total em velocidade e maior desempenho do autom\u00f3vel. Entre os principais diferenciais dessa vers\u00e3o, e tamb\u00e9m o que garante estabilidade mesmo em velocidades muito altas, est\u00e3o o difusor dianteiro em fibra de carbono, aerof\u00f3lios ajust\u00e1veis e sistemas de refrigera\u00e7\u00e3o refor\u00e7ados.<\/p>\n\n\n\n<p>Al\u00e9m disso, o U9 \u00e9 equipado com quatro motores el\u00e9tricos de 326 cv, um em cada roda, entregando um total de 1.306 cv e torque de 130,5 kgfm. Essa configura\u00e7\u00e3o permite acelera\u00e7\u00e3o de 0 a 100 km\/h em apenas 2,3 segundos.<\/p>\n\n\n\n<p>E n\u00e3o para por a\u00ed: o U9 conta com suspens\u00e3o hidr\u00e1ulica avan\u00e7ada capaz de elevar o carro em at\u00e9 75 mm em meio segundo. Esse sistema permite n\u00e3o s\u00f3 desviar de obst\u00e1culos em ruas ou pistas, mas tamb\u00e9m executar saltos controlados de at\u00e9 seis metros.<\/p>\n\n\n\n<p>No momento, o U9 n\u00e3o est\u00e1 dispon\u00edvel no Brasil, mas na China seu pre\u00e7o parte de aproximadamente R$ 1,3 milh\u00e3o, colocando esse supercarro el\u00e9trico como um dos mais desejados do mundo.<\/p>\n","protected":false},"excerpt":{"rendered":"<p>O Yangwang U9, o mais recente superesportivo el\u00e9trico da BYD, bateu recorde de velocidade e agora \u00e9 o carro el\u00e9trico de produ\u00e7\u00e3o mais r\u00e1pido do mundo. Em testes realizados em Papenburg, na Alemanha, o modelo atingiu quase 500 km\/h. As informa\u00e7\u00f5es s\u00e3o do g1. Pot\u00eancia e acelera\u00e7\u00e3o O teste foi realizado na vers\u00e3o Track, a [&hellip;]<\/p>\n","protected":false},"author":17,"featured_media":23112,"comment_status":"open","ping_status":"open","sticky":false,"template":"","format":"standard","meta":{"jnews-multi-image_gallery":[],"jnews_single_post":{"format":"standard"},"jnews_primary_category":[],"jnews_social_meta":[],"jnews_post_split":[],"footnotes":""},"categories":[1],"tags":[],"class_list":["post-23110","post","type-post","status-publish","format-standard","has-post-thumbnail","hentry","category-uncategorized"],"_links":{"self":[{"href":"https:\/\/diariodepernambuco.audiencelabs.com.br\/wp-json\/wp\/v2\/posts\/23110","targetHints":{"allow":["GET"]}}],"collection":[{"href":"https:\/\/diariodepernambuco.audiencelabs.com.br\/wp-json\/wp\/v2\/posts"}],"about":[{"href":"https:\/\/diariodepernambuco.audiencelabs.com.br\/wp-json\/wp\/v2\/types\/post"}],"author":[{"embeddable":true,"href":"https:\/\/diariodepernambuco.audiencelabs.com.br\/wp-json\/wp\/v2\/users\/17"}],"replies":[{"embeddable":true,"href":"https:\/\/diariodepernambuco.audiencelabs.com.br\/wp-json\/wp\/v2\/comments?post=23110"}],"version-history":[{"count":1,"href":"https:\/\/diariodepernambuco.audiencelabs.com.br\/wp-json\/wp\/v2\/posts\/23110\/revisions"}],"predecessor-version":[{"id":23113,"href":"https:\/\/diariodepernambuco.audiencelabs.com.br\/wp-json\/wp\/v2\/posts\/23110\/revisions\/23113"}],"wp:featuredmedia":[{"embeddable":true,"href":"https:\/\/diariodepernambuco.audiencelabs.com.br\/wp-json\/wp\/v2\/media\/23112"}],"wp:attachment":[{"href":"https:\/\/diariodepernambuco.audiencelabs.com.br\/wp-json\/wp\/v2\/media?parent=23110"}],"wp:term":[{"taxonomy":"category","embeddable":true,"href":"https:\/\/diariodepernambuco.audiencelabs.com.br\/wp-json\/wp\/v2\/categories?post=23110"},{"taxonomy":"post_tag","embeddable":true,"href":"https:\/\/diariodepernambuco.audiencelabs.com.br\/wp-json\/wp\/v2\/tags?post=23110"}],"curies":[{"name":"wp","href":"https:\/\/api.w.org\/{rel}","templated":true}]}}