{"id":23114,"date":"2026-04-04T13:40:00","date_gmt":"2026-04-04T16:40:00","guid":{"rendered":"https:\/\/diariodepernambuco.audiencelabs.com.br\/?p=23114"},"modified":"2026-03-31T20:07:56","modified_gmt":"2026-03-31T23:07:56","slug":"carro-mais-economico-para-fazer-uber-despenca-de-valor-e-preco-cai-r-15-000","status":"publish","type":"post","link":"https:\/\/diariodepernambuco.audiencelabs.com.br\/carro-mais-economico-para-fazer-uber-despenca-de-valor-e-preco-cai-r-15-000\/","title":{"rendered":"Carro mais econ\u00f4mico para fazer Uber despenca de valor e pre\u00e7o cai R$ 15.000"},"content":{"rendered":"\n<p>Motoristas de aplicativo que buscam economia t\u00eam um motivo para comemorar: o <strong>Fiat Mobi<\/strong>, conhecido por gastar pouco combust\u00edvel e ter manuten\u00e7\u00e3o barata, teve seu pre\u00e7o reduzido em R$ 15.000. Com isso, ficou mais barato e mais atraente para quem quer um carro econ\u00f4mico para trabalhar.<\/p>\n\n\n\n<p>Mesmo na vers\u00e3o mais simples, o Mobi tem motor 1.0 Firefly e c\u00e2mbio manual de cinco marchas. Isso significa que o ve\u00edculo roda bem na cidade, consome pouco e \u00e9 f\u00e1cil de cuidar. Para quem faz Uber ou outros apps isso faz uma baita diferen\u00e7a no final do m\u00eas, j\u00e1 que gasta menos com combust\u00edvel e manuten\u00e7\u00e3o.<\/p>\n\n\n\n<h2 class=\"wp-block-heading\">Conforto e itens b\u00e1sicos<\/h2>\n\n\n\n<p>A vers\u00e3o b\u00e1sica, chamada de Like, j\u00e1 vem com dire\u00e7\u00e3o el\u00e9trica, ar-condicionado, freios ABS com EBD e controle de estabilidade. Al\u00e9m disso, o carro fica mais pr\u00e1tico para passageiros, pois h\u00e1 vidros e travas el\u00e9tricas, e em caso de transporte de pequenas cargas, o banco traseiro que pode ser rebatido.<\/p>\n\n\n\n<h3 class=\"wp-block-heading\">Visual e tecnologia<\/h3>\n\n\n\n<p>O Mobi tamb\u00e9m recebeu mudan\u00e7as no visual, como far\u00f3is com m\u00e1scara negra e para-choques redesenhados, deixando o carro mais moderno. Quem quiser mais conforto e tecnologia pode optar pela vers\u00e3o intermedi\u00e1ria, que inclui central multim\u00eddia com Android Auto e Apple CarPlay e volante multifuncional.<\/p>\n","protected":false},"excerpt":{"rendered":"<p>Motoristas de aplicativo que buscam economia t\u00eam um motivo para comemorar: o Fiat Mobi, conhecido por gastar pouco combust\u00edvel e ter manuten\u00e7\u00e3o barata, teve seu pre\u00e7o reduzido em R$ 15.000. Com isso, ficou mais barato e mais atraente para quem quer um carro econ\u00f4mico para trabalhar. Mesmo na vers\u00e3o mais simples, o Mobi tem motor [&hellip;]<\/p>\n","protected":false},"author":17,"featured_media":23115,"comment_status":"open","ping_status":"open","sticky":false,"template":"","format":"standard","meta":{"jnews-multi-image_gallery":[],"jnews_single_post":{"format":"standard"},"jnews_primary_category":[],"jnews_social_meta":[],"jnews_post_split":[],"footnotes":""},"categories":[1],"tags":[],"class_list":["post-23114","post","type-post","status-publish","format-standard","has-post-thumbnail","hentry","category-uncategorized"],"_links":{"self":[{"href":"https:\/\/diariodepernambuco.audiencelabs.com.br\/wp-json\/wp\/v2\/posts\/23114","targetHints":{"allow":["GET"]}}],"collection":[{"href":"https:\/\/diariodepernambuco.audiencelabs.com.br\/wp-json\/wp\/v2\/posts"}],"about":[{"href":"https:\/\/diariodepernambuco.audiencelabs.com.br\/wp-json\/wp\/v2\/types\/post"}],"author":[{"embeddable":true,"href":"https:\/\/diariodepernambuco.audiencelabs.com.br\/wp-json\/wp\/v2\/users\/17"}],"replies":[{"embeddable":true,"href":"https:\/\/diariodepernambuco.audiencelabs.com.br\/wp-json\/wp\/v2\/comments?post=23114"}],"version-history":[{"count":2,"href":"https:\/\/diariodepernambuco.audiencelabs.com.br\/wp-json\/wp\/v2\/posts\/23114\/revisions"}],"predecessor-version":[{"id":23117,"href":"https:\/\/diariodepernambuco.audiencelabs.com.br\/wp-json\/wp\/v2\/posts\/23114\/revisions\/23117"}],"wp:featuredmedia":[{"embeddable":true,"href":"https:\/\/diariodepernambuco.audiencelabs.com.br\/wp-json\/wp\/v2\/media\/23115"}],"wp:attachment":[{"href":"https:\/\/diariodepernambuco.audiencelabs.com.br\/wp-json\/wp\/v2\/media?parent=23114"}],"wp:term":[{"taxonomy":"category","embeddable":true,"href":"https:\/\/diariodepernambuco.audiencelabs.com.br\/wp-json\/wp\/v2\/categories?post=23114"},{"taxonomy":"post_tag","embeddable":true,"href":"https:\/\/diariodepernambuco.audiencelabs.com.br\/wp-json\/wp\/v2\/tags?post=23114"}],"curies":[{"name":"wp","href":"https:\/\/api.w.org\/{rel}","templated":true}]}}