{"id":23118,"date":"2026-04-03T22:59:00","date_gmt":"2026-04-04T01:59:00","guid":{"rendered":"https:\/\/diariodepernambuco.audiencelabs.com.br\/?p=23118"},"modified":"2026-03-31T21:13:01","modified_gmt":"2026-04-01T00:13:01","slug":"carro-eletrico-mais-caro-do-brasil-tem-potencia-de-formula-1-e-custa-valor-de-mansao","status":"publish","type":"post","link":"https:\/\/diariodepernambuco.audiencelabs.com.br\/carro-eletrico-mais-caro-do-brasil-tem-potencia-de-formula-1-e-custa-valor-de-mansao\/","title":{"rendered":"Carro el\u00e9trico mais caro do Brasil tem pot\u00eancia de F\u00f3rmula 1 e custa valor de mans\u00e3o"},"content":{"rendered":"\n<p>O mercado de carros el\u00e9tricos no Brasil tem dois grandes destaques, mas com realidades bem diferentes. De um lado est\u00e1 o luxuoso Mercedes-AMG EQS 53, um dos mais caros do pa\u00eds. Do outro, o popular BYD Dolphin Mini, que virou o mais vendido.<\/p>\n\n\n\n<h2 class=\"wp-block-heading\">O mais caro: pot\u00eancia e luxo ao m\u00e1ximo<\/h2>\n\n\n\n<p>O Mercedes-AMG EQS 53 \u00e9 um carro de muita pot\u00eancia e luxo. O ve\u00edculo tem uma acelera\u00e7\u00e3o muito r\u00e1pida, parecida com carros de corrida, e quase n\u00e3o faz barulho por ser el\u00e9trico. Por dentro, conta com telas enormes, acabamento de alta qualidade e v\u00e1rios recursos tecnol\u00f3gicos que ajudam na dire\u00e7\u00e3o. \u00c9 um carro pensado para conforto e desempenho ao mesmo tempo.<\/p>\n\n\n\n<p>Mas tudo isso tem um pre\u00e7o alto: mais de R$ 1,5 milh\u00e3o. Ou seja, custa o mesmo que uma casa de luxo em muitas cidades.<\/p>\n\n\n<div class=\"wp-block-image\">\n<figure class=\"aligncenter size-full is-resized\"><img loading=\"lazy\" decoding=\"async\" width=\"888\" height=\"593\" src=\"https:\/\/diariodepernambuco.audiencelabs.com.br\/wp-content\/uploads\/2026\/03\/21c0254-013.webp\" alt=\"\" class=\"wp-image-23119\" style=\"aspect-ratio:1.4975006204133725;width:657px;height:auto\" srcset=\"https:\/\/diariodepernambuco.audiencelabs.com.br\/wp-content\/uploads\/2026\/03\/21c0254-013.webp 888w, https:\/\/diariodepernambuco.audiencelabs.com.br\/wp-content\/uploads\/2026\/03\/21c0254-013-300x200.webp 300w, https:\/\/diariodepernambuco.audiencelabs.com.br\/wp-content\/uploads\/2026\/03\/21c0254-013-768x513.webp 768w, https:\/\/diariodepernambuco.audiencelabs.com.br\/wp-content\/uploads\/2026\/03\/21c0254-013-750x501.webp 750w\" sizes=\"auto, (max-width: 888px) 100vw, 888px\" \/><figcaption class=\"wp-element-caption\">Foto: Reprodu\u00e7\u00e3o\/Autoesporte<\/figcaption><\/figure>\n<\/div>\n\n\n<h2 class=\"wp-block-heading\">O mais vendido: simples e eficiente<\/h2>\n\n\n\n<p>J\u00e1 o BYD Dolphin Mini segue outro caminho. Ele \u00e9 menor, mais simples e muito mais barato, o que ajudou a conquistar muita gente. Esse modelo ficou em primeiro lugar nas vendas no Brasil em fevereiro deste ano, algo hist\u00f3rico para um carro el\u00e9trico.<\/p>\n\n\n\n<p>Ele \u00e9 ideal para o dia a dia, principalmente na cidade, al\u00e9m de ser econ\u00f4mico e f\u00e1cil de usar.<\/p>\n\n\n<div class=\"wp-block-image\">\n<figure class=\"aligncenter size-large is-resized\"><img loading=\"lazy\" decoding=\"async\" width=\"1024\" height=\"676\" src=\"https:\/\/diariodepernambuco.audiencelabs.com.br\/wp-content\/uploads\/2026\/03\/BYD-Dolphin-Mini-1024x676.webp\" alt=\"\" class=\"wp-image-23120\" style=\"aspect-ratio:1.5148258937647026;width:639px;height:auto\" srcset=\"https:\/\/diariodepernambuco.audiencelabs.com.br\/wp-content\/uploads\/2026\/03\/BYD-Dolphin-Mini-1024x676.webp 1024w, https:\/\/diariodepernambuco.audiencelabs.com.br\/wp-content\/uploads\/2026\/03\/BYD-Dolphin-Mini-300x198.webp 300w, https:\/\/diariodepernambuco.audiencelabs.com.br\/wp-content\/uploads\/2026\/03\/BYD-Dolphin-Mini-768x507.webp 768w, https:\/\/diariodepernambuco.audiencelabs.com.br\/wp-content\/uploads\/2026\/03\/BYD-Dolphin-Mini-750x495.webp 750w, https:\/\/diariodepernambuco.audiencelabs.com.br\/wp-content\/uploads\/2026\/03\/BYD-Dolphin-Mini-1140x752.webp 1140w, https:\/\/diariodepernambuco.audiencelabs.com.br\/wp-content\/uploads\/2026\/03\/BYD-Dolphin-Mini.webp 1200w\" sizes=\"auto, (max-width: 1024px) 100vw, 1024px\" \/><figcaption class=\"wp-element-caption\">Foto: Reprodu\u00e7\u00e3o\/BYD<\/figcaption><\/figure>\n<\/div>\n\n\n<h2 class=\"wp-block-heading\">O que isso indica?<\/h2>\n\n\n\n<p>Esses dois carros s\u00e3o bem diferentes, mas mostram que os ve\u00edculos el\u00e9tricos vieram para ficar. O modelo da Mercedes mostra o m\u00e1ximo que a tecnologia pode oferecer, enquanto o Dolphin Mini prova que essa tecnologia j\u00e1 est\u00e1 chegando para mais pessoas.<\/p>\n","protected":false},"excerpt":{"rendered":"<p>O mercado de carros el\u00e9tricos no Brasil tem dois grandes destaques, mas com realidades bem diferentes. De um lado est\u00e1 o luxuoso Mercedes-AMG EQS 53, um dos mais caros do pa\u00eds. Do outro, o popular BYD Dolphin Mini, que virou o mais vendido. O mais caro: pot\u00eancia e luxo ao m\u00e1ximo O Mercedes-AMG EQS 53 [&hellip;]<\/p>\n","protected":false},"author":17,"featured_media":22701,"comment_status":"open","ping_status":"open","sticky":false,"template":"","format":"standard","meta":{"jnews-multi-image_gallery":[],"jnews_single_post":{"format":"standard"},"jnews_primary_category":[],"jnews_social_meta":[],"jnews_post_split":[],"footnotes":""},"categories":[1],"tags":[],"class_list":["post-23118","post","type-post","status-publish","format-standard","has-post-thumbnail","hentry","category-uncategorized"],"_links":{"self":[{"href":"https:\/\/diariodepernambuco.audiencelabs.com.br\/wp-json\/wp\/v2\/posts\/23118","targetHints":{"allow":["GET"]}}],"collection":[{"href":"https:\/\/diariodepernambuco.audiencelabs.com.br\/wp-json\/wp\/v2\/posts"}],"about":[{"href":"https:\/\/diariodepernambuco.audiencelabs.com.br\/wp-json\/wp\/v2\/types\/post"}],"author":[{"embeddable":true,"href":"https:\/\/diariodepernambuco.audiencelabs.com.br\/wp-json\/wp\/v2\/users\/17"}],"replies":[{"embeddable":true,"href":"https:\/\/diariodepernambuco.audiencelabs.com.br\/wp-json\/wp\/v2\/comments?post=23118"}],"version-history":[{"count":2,"href":"https:\/\/diariodepernambuco.audiencelabs.com.br\/wp-json\/wp\/v2\/posts\/23118\/revisions"}],"predecessor-version":[{"id":23122,"href":"https:\/\/diariodepernambuco.audiencelabs.com.br\/wp-json\/wp\/v2\/posts\/23118\/revisions\/23122"}],"wp:featuredmedia":[{"embeddable":true,"href":"https:\/\/diariodepernambuco.audiencelabs.com.br\/wp-json\/wp\/v2\/media\/22701"}],"wp:attachment":[{"href":"https:\/\/diariodepernambuco.audiencelabs.com.br\/wp-json\/wp\/v2\/media?parent=23118"}],"wp:term":[{"taxonomy":"category","embeddable":true,"href":"https:\/\/diariodepernambuco.audiencelabs.com.br\/wp-json\/wp\/v2\/categories?post=23118"},{"taxonomy":"post_tag","embeddable":true,"href":"https:\/\/diariodepernambuco.audiencelabs.com.br\/wp-json\/wp\/v2\/tags?post=23118"}],"curies":[{"name":"wp","href":"https:\/\/api.w.org\/{rel}","templated":true}]}}