{"id":23124,"date":"2026-04-01T08:30:00","date_gmt":"2026-04-01T11:30:00","guid":{"rendered":"https:\/\/diariodepernambuco.audiencelabs.com.br\/?p=23124"},"modified":"2026-04-01T08:49:22","modified_gmt":"2026-04-01T11:49:22","slug":"oficial-neymar-vai-jogar-a-copa-e-data-de-estreia-esta-confirmada","status":"publish","type":"post","link":"https:\/\/diariodepernambuco.audiencelabs.com.br\/oficial-neymar-vai-jogar-a-copa-e-data-de-estreia-esta-confirmada\/","title":{"rendered":"Oficial: Neymar vai jogar a Copa e data de estreia est\u00e1 confirmada"},"content":{"rendered":"\n<p>Se por um lado Neymar ainda n\u00e3o sabe se jogar\u00e1 a Copa do Mundo pela Sele\u00e7\u00e3o Brasileira, ao menos o craque j\u00e1 sabe quando entrar\u00e1 em campo para defender as cores do Santos na Copa do Brasil. A confirma\u00e7\u00e3o veio ap\u00f3s o sorteio que definiu os confrontos da quinta fase da competi\u00e7\u00e3o nacional, colocando o Peixe frente a frente com um advers\u00e1rio tradicional do futebol brasileiro.<\/p>\n\n\n\n<p>O rival ser\u00e1 o Coritiba, que tamb\u00e9m entra diretamente nesta etapa do torneio. A defini\u00e7\u00e3o do confronto aconteceu na sede da Confedera\u00e7\u00e3o Brasileira de Futebol, no Rio de Janeiro, em sorteio realizado na \u00faltima semana. Os duelos ser\u00e3o disputados em formato de ida e volta, o que aumenta a expectativa por jogos equilibrados e decisivos.<\/p>\n\n\n\n<p>A primeira partida est\u00e1 prevista para acontecer entre os dias 22 e 23 de abril, enquanto o jogo de volta deve ser realizado entre 13 e 14 de maio. Tamb\u00e9m ficou definido que o Coritiba far\u00e1 o primeiro confronto como visitante, decidindo a classifica\u00e7\u00e3o diante de sua torcida, no Est\u00e1dio Couto Pereira.<\/p>\n\n\n\n<p>Al\u00e9m da disputa esportiva, a fase tamb\u00e9m chama aten\u00e7\u00e3o pela premia\u00e7\u00e3o. Cada clube garantiu R$ 2 milh\u00f5es apenas pela participa\u00e7\u00e3o nesta etapa. J\u00e1 as equipes que avan\u00e7arem \u00e0s oitavas de final da Copa do Brasil v\u00e3o receber mais R$ 3 milh\u00f5es, tornando o confronto ainda mais importante tanto dentro quanto fora de campo.<\/p>\n\n\n\n<h2 class=\"wp-block-heading\">Neymar treina normalmente e deve refor\u00e7ar o Santos<\/h2>\n\n\n\n<p>Apesar da expectativa pela volta de Neymar aos gramados, o Santos ainda lida com ajustes importantes na equipe. O camisa 10 participou normalmente dos treinamentos e mostrou evolu\u00e7\u00e3o f\u00edsica, o que aumenta as chances de ser utilizado no confronto contra o Remo. A comiss\u00e3o t\u00e9cnica, por\u00e9m, mant\u00e9m cautela para evitar qualquer risco de nova les\u00e3o.<\/p>\n\n\n\n<p>Por outro lado, o time ter\u00e1 um desfalque importante no setor ofensivo. Gabriel Barbosa segue fora e n\u00e3o deve ser op\u00e7\u00e3o para a partida, obrigando mudan\u00e7as na forma\u00e7\u00e3o. Com isso, Neymar ganha ainda mais protagonismo e pode assumir papel central na arma\u00e7\u00e3o das jogadas, sendo a principal esperan\u00e7a do Peixe para buscar um bom resultado.<\/p>\n","protected":false},"excerpt":{"rendered":"<p>Se por um lado Neymar ainda n\u00e3o sabe se jogar\u00e1 a Copa do Mundo pela Sele\u00e7\u00e3o Brasileira, ao menos o craque j\u00e1 sabe quando entrar\u00e1 em campo para defender as cores do Santos na Copa do Brasil. A confirma\u00e7\u00e3o veio ap\u00f3s o sorteio que definiu os confrontos da quinta fase da competi\u00e7\u00e3o nacional, colocando o [&hellip;]<\/p>\n","protected":false},"author":1,"featured_media":23127,"comment_status":"open","ping_status":"open","sticky":false,"template":"","format":"standard","meta":{"jnews-multi-image_gallery":[],"jnews_single_post":{"format":"standard"},"jnews_primary_category":[],"jnews_social_meta":[],"jnews_post_split":[],"footnotes":""},"categories":[1],"tags":[],"class_list":["post-23124","post","type-post","status-publish","format-standard","has-post-thumbnail","hentry","category-uncategorized"],"_links":{"self":[{"href":"https:\/\/diariodepernambuco.audiencelabs.com.br\/wp-json\/wp\/v2\/posts\/23124","targetHints":{"allow":["GET"]}}],"collection":[{"href":"https:\/\/diariodepernambuco.audiencelabs.com.br\/wp-json\/wp\/v2\/posts"}],"about":[{"href":"https:\/\/diariodepernambuco.audiencelabs.com.br\/wp-json\/wp\/v2\/types\/post"}],"author":[{"embeddable":true,"href":"https:\/\/diariodepernambuco.audiencelabs.com.br\/wp-json\/wp\/v2\/users\/1"}],"replies":[{"embeddable":true,"href":"https:\/\/diariodepernambuco.audiencelabs.com.br\/wp-json\/wp\/v2\/comments?post=23124"}],"version-history":[{"count":2,"href":"https:\/\/diariodepernambuco.audiencelabs.com.br\/wp-json\/wp\/v2\/posts\/23124\/revisions"}],"predecessor-version":[{"id":23128,"href":"https:\/\/diariodepernambuco.audiencelabs.com.br\/wp-json\/wp\/v2\/posts\/23124\/revisions\/23128"}],"wp:featuredmedia":[{"embeddable":true,"href":"https:\/\/diariodepernambuco.audiencelabs.com.br\/wp-json\/wp\/v2\/media\/23127"}],"wp:attachment":[{"href":"https:\/\/diariodepernambuco.audiencelabs.com.br\/wp-json\/wp\/v2\/media?parent=23124"}],"wp:term":[{"taxonomy":"category","embeddable":true,"href":"https:\/\/diariodepernambuco.audiencelabs.com.br\/wp-json\/wp\/v2\/categories?post=23124"},{"taxonomy":"post_tag","embeddable":true,"href":"https:\/\/diariodepernambuco.audiencelabs.com.br\/wp-json\/wp\/v2\/tags?post=23124"}],"curies":[{"name":"wp","href":"https:\/\/api.w.org\/{rel}","templated":true}]}}