{"id":23129,"date":"2026-04-01T09:00:00","date_gmt":"2026-04-01T12:00:00","guid":{"rendered":"https:\/\/diariodepernambuco.audiencelabs.com.br\/?p=23129"},"modified":"2026-04-01T13:50:43","modified_gmt":"2026-04-01T16:50:43","slug":"escolas-sao-suspensas-e-salas-de-aulas-estao-oficialmente-fechadas-para-estudantes-da-rede-publica-em-sp","status":"publish","type":"post","link":"https:\/\/diariodepernambuco.audiencelabs.com.br\/escolas-sao-suspensas-e-salas-de-aulas-estao-oficialmente-fechadas-para-estudantes-da-rede-publica-em-sp\/","title":{"rendered":"Escolas s\u00e3o suspensas e salas de aulas est\u00e3o oficialmente fechadas para estudantes da rede p\u00fablica em SP"},"content":{"rendered":"\n<p>Problemas estruturais graves t\u00eam provocado a suspens\u00e3o de aulas e o fechamento de salas em escolas da rede p\u00fablica de S\u00e3o Paulo, afetando diretamente a rotina de centenas de estudantes. Unidades de ensino enfrentam situa\u00e7\u00f5es como infiltra\u00e7\u00f5es, rachaduras e at\u00e9 risco el\u00e9trico, o que levou \u00e0 interdi\u00e7\u00e3o de diversos espa\u00e7os e \u00e0 ado\u00e7\u00e3o de medidas emergenciais para garantir a seguran\u00e7a dos alunos.<\/p>\n\n\n\n<p>Em alguns casos, as escolas passaram a operar em sistema de rod\u00edzio, j\u00e1 que n\u00e3o h\u00e1 salas suficientes para atender todos os estudantes ao mesmo tempo. Com isso, turmas frequentam as aulas em semanas alternadas, prejudicando o aprendizado e a continuidade do conte\u00fado. A situa\u00e7\u00e3o se arrasta desde o in\u00edcio do ano letivo e, mesmo ap\u00f3s o per\u00edodo de f\u00e9rias, muitos problemas ainda n\u00e3o foram solucionados.<\/p>\n\n\n\n<p>Al\u00e9m da redu\u00e7\u00e3o no tempo em sala de aula, alunos e familiares relatam impactos diretos na rotina di\u00e1ria. Pais precisam reorganizar hor\u00e1rios de trabalho, enquanto estudantes enfrentam dificuldades para acompanhar o calend\u00e1rio escolar irregular. Em algumas unidades, h\u00e1 relatos de salas completamente interditadas, cozinhas fechadas e equipamentos danificados por conta de goteiras e infiltra\u00e7\u00f5es.<\/p>\n\n\n\n<p>Diante do cen\u00e1rio, a Secretaria Estadual da Educa\u00e7\u00e3o informou que obras est\u00e3o previstas, mas sem solu\u00e7\u00e3o imediata para todos os casos. A previs\u00e3o \u00e9 de que parte dos reparos seja conclu\u00edda nos pr\u00f3ximos meses, o que mant\u00e9m a incerteza para estudantes e professores que seguem lidando com as consequ\u00eancias da precariedade estrutural nas escolas p\u00fablicas.<\/p>\n\n\n\n<h2 class=\"wp-block-heading\">Crise estrutural das escolas exp\u00f5e desafios antigos na educa\u00e7\u00e3o p\u00fablica paulista<\/h2>\n\n\n\n<p>A situa\u00e7\u00e3o atual escancara problemas hist\u00f3ricos da rede p\u00fablica, como falta de manuten\u00e7\u00e3o adequada e investimentos insuficientes em infraestrutura. Em diversas escolas, quest\u00f5es como ventila\u00e7\u00e3o prec\u00e1ria, falta de equipamentos e ambientes deteriorados j\u00e1 vinham sendo apontadas por estudantes e profissionais da educa\u00e7\u00e3o h\u00e1 anos.<\/p>\n\n\n\n<p>Com o agravamento desses problemas, cresce a preocupa\u00e7\u00e3o com o impacto no desempenho escolar e at\u00e9 na perman\u00eancia dos alunos nas salas de aula. Especialistas alertam que a combina\u00e7\u00e3o de estrutura inadequada e aulas irregulares pode contribuir para a evas\u00e3o escolar, ampliando ainda mais os desafios enfrentados pela educa\u00e7\u00e3o p\u00fablica no estado.<\/p>\n\n\n\n<p><\/p>\n","protected":false},"excerpt":{"rendered":"<p>Problemas estruturais graves t\u00eam provocado a suspens\u00e3o de aulas e o fechamento de salas em escolas da rede p\u00fablica de S\u00e3o Paulo, afetando diretamente a rotina de centenas de estudantes. Unidades de ensino enfrentam situa\u00e7\u00f5es como infiltra\u00e7\u00f5es, rachaduras e at\u00e9 risco el\u00e9trico, o que levou \u00e0 interdi\u00e7\u00e3o de diversos espa\u00e7os e \u00e0 ado\u00e7\u00e3o de medidas [&hellip;]<\/p>\n","protected":false},"author":4,"featured_media":23133,"comment_status":"open","ping_status":"open","sticky":false,"template":"","format":"standard","meta":{"jnews-multi-image_gallery":[],"jnews_single_post":{"format":"standard"},"jnews_primary_category":[],"jnews_social_meta":[],"jnews_post_split":[],"footnotes":""},"categories":[1],"tags":[],"class_list":["post-23129","post","type-post","status-publish","format-standard","has-post-thumbnail","hentry","category-uncategorized"],"_links":{"self":[{"href":"https:\/\/diariodepernambuco.audiencelabs.com.br\/wp-json\/wp\/v2\/posts\/23129","targetHints":{"allow":["GET"]}}],"collection":[{"href":"https:\/\/diariodepernambuco.audiencelabs.com.br\/wp-json\/wp\/v2\/posts"}],"about":[{"href":"https:\/\/diariodepernambuco.audiencelabs.com.br\/wp-json\/wp\/v2\/types\/post"}],"author":[{"embeddable":true,"href":"https:\/\/diariodepernambuco.audiencelabs.com.br\/wp-json\/wp\/v2\/users\/4"}],"replies":[{"embeddable":true,"href":"https:\/\/diariodepernambuco.audiencelabs.com.br\/wp-json\/wp\/v2\/comments?post=23129"}],"version-history":[{"count":3,"href":"https:\/\/diariodepernambuco.audiencelabs.com.br\/wp-json\/wp\/v2\/posts\/23129\/revisions"}],"predecessor-version":[{"id":23247,"href":"https:\/\/diariodepernambuco.audiencelabs.com.br\/wp-json\/wp\/v2\/posts\/23129\/revisions\/23247"}],"wp:featuredmedia":[{"embeddable":true,"href":"https:\/\/diariodepernambuco.audiencelabs.com.br\/wp-json\/wp\/v2\/media\/23133"}],"wp:attachment":[{"href":"https:\/\/diariodepernambuco.audiencelabs.com.br\/wp-json\/wp\/v2\/media?parent=23129"}],"wp:term":[{"taxonomy":"category","embeddable":true,"href":"https:\/\/diariodepernambuco.audiencelabs.com.br\/wp-json\/wp\/v2\/categories?post=23129"},{"taxonomy":"post_tag","embeddable":true,"href":"https:\/\/diariodepernambuco.audiencelabs.com.br\/wp-json\/wp\/v2\/tags?post=23129"}],"curies":[{"name":"wp","href":"https:\/\/api.w.org\/{rel}","templated":true}]}}