{"id":23134,"date":"2026-04-01T09:30:00","date_gmt":"2026-04-01T12:30:00","guid":{"rendered":"https:\/\/diariodepernambuco.audiencelabs.com.br\/?p=23134"},"modified":"2026-04-01T08:32:05","modified_gmt":"2026-04-01T11:32:05","slug":"carro-mais-espacoso-da-chevrolet-tem-porta-malas-de-469-litros-e-suspensao-de-luxo","status":"publish","type":"post","link":"https:\/\/diariodepernambuco.audiencelabs.com.br\/carro-mais-espacoso-da-chevrolet-tem-porta-malas-de-469-litros-e-suspensao-de-luxo\/","title":{"rendered":"Carro mais espa\u00e7oso da Chevrolet tem porta-malas de 469 litros e suspens\u00e3o de luxo"},"content":{"rendered":"\n<p>O Chevrolet Onix Plus tem se destacado como um dos carros mais espa\u00e7osos da marca no Brasil, especialmente quando o assunto \u00e9 capacidade de carga. Com um porta-malas de 469 litros, o modelo figura entre os maiores da categoria de sed\u00e3s compactos, sendo uma op\u00e7\u00e3o bastante procurada por fam\u00edlias e motoristas que precisam de espa\u00e7o no dia a dia.<\/p>\n\n\n\n<p>Al\u00e9m do amplo compartimento traseiro, o modelo tamb\u00e9m oferece um bom espa\u00e7o interno, garantindo conforto para todos os ocupantes. Mesmo sendo um carro compacto, o Onix Plus consegue acomodar bem cinco adultos, com destaque para o espa\u00e7o no banco traseiro, algo valorizado por quem costuma viajar com frequ\u00eancia ou utilizar o ve\u00edculo para trabalho.<\/p>\n\n\n\n<p>Outro ponto que chama aten\u00e7\u00e3o \u00e9 o conjunto mec\u00e2nico equilibrado. Equipado com motor eficiente e econ\u00f4mico, o sed\u00e3 alia bom consumo de combust\u00edvel a uma condu\u00e7\u00e3o suave. A suspens\u00e3o, bem ajustada, proporciona estabilidade e conforto ao rodar, absorvendo irregularidades do asfalto com efici\u00eancia \u2014 caracter\u00edstica que refor\u00e7a a sensa\u00e7\u00e3o de dirigibilidade pr\u00f3xima a modelos mais sofisticados.<\/p>\n\n\n\n<p>Com esse conjunto, o Onix Plus se consolida como uma das principais escolhas entre os sed\u00e3s compactos do mercado. Ele entrega um pacote completo que une espa\u00e7o, economia e conforto, sendo ideal tanto para uso urbano quanto para viagens mais longas, sem abrir m\u00e3o de tecnologia e praticidade.<\/p>\n\n\n\n<h2 class=\"wp-block-heading\">Sed\u00e3 conquista espa\u00e7o entre fam\u00edlias e motoristas de aplicativo<\/h2>\n\n\n\n<p>O crescimento da procura por sed\u00e3s como o Chevrolet Onix Plus est\u00e1 diretamente ligado \u00e0 necessidade de mais espa\u00e7o e conforto no dia a dia. Diferente dos hatchs, esses modelos oferecem maior capacidade no porta-malas e melhor aproveitamento interno, o que faz diferen\u00e7a principalmente para fam\u00edlias ou profissionais que transportam bagagens com frequ\u00eancia.<\/p>\n\n\n\n<p>Al\u00e9m disso, o custo-benef\u00edcio tem sido um fator decisivo. Mesmo com caracter\u00edsticas que lembram ve\u00edculos mais caros, como bom n\u00edvel de tecnologia e rodagem confort\u00e1vel, o modelo mant\u00e9m consumo eficiente e manuten\u00e7\u00e3o acess\u00edvel. Isso ajuda a explicar por que o Onix Plus segue como uma das refer\u00eancias quando o assunto \u00e9 carro espa\u00e7oso e econ\u00f4mico no Brasil.<\/p>\n\n\n\n<p><\/p>\n","protected":false},"excerpt":{"rendered":"<p>O Chevrolet Onix Plus tem se destacado como um dos carros mais espa\u00e7osos da marca no Brasil, especialmente quando o assunto \u00e9 capacidade de carga. Com um porta-malas de 469 litros, o modelo figura entre os maiores da categoria de sed\u00e3s compactos, sendo uma op\u00e7\u00e3o bastante procurada por fam\u00edlias e motoristas que precisam de espa\u00e7o [&hellip;]<\/p>\n","protected":false},"author":4,"featured_media":23136,"comment_status":"open","ping_status":"open","sticky":false,"template":"","format":"standard","meta":{"jnews-multi-image_gallery":[],"jnews_single_post":{"format":"standard"},"jnews_primary_category":[],"jnews_social_meta":[],"jnews_post_split":[],"footnotes":""},"categories":[1],"tags":[],"class_list":["post-23134","post","type-post","status-publish","format-standard","has-post-thumbnail","hentry","category-uncategorized"],"_links":{"self":[{"href":"https:\/\/diariodepernambuco.audiencelabs.com.br\/wp-json\/wp\/v2\/posts\/23134","targetHints":{"allow":["GET"]}}],"collection":[{"href":"https:\/\/diariodepernambuco.audiencelabs.com.br\/wp-json\/wp\/v2\/posts"}],"about":[{"href":"https:\/\/diariodepernambuco.audiencelabs.com.br\/wp-json\/wp\/v2\/types\/post"}],"author":[{"embeddable":true,"href":"https:\/\/diariodepernambuco.audiencelabs.com.br\/wp-json\/wp\/v2\/users\/4"}],"replies":[{"embeddable":true,"href":"https:\/\/diariodepernambuco.audiencelabs.com.br\/wp-json\/wp\/v2\/comments?post=23134"}],"version-history":[{"count":3,"href":"https:\/\/diariodepernambuco.audiencelabs.com.br\/wp-json\/wp\/v2\/posts\/23134\/revisions"}],"predecessor-version":[{"id":23139,"href":"https:\/\/diariodepernambuco.audiencelabs.com.br\/wp-json\/wp\/v2\/posts\/23134\/revisions\/23139"}],"wp:featuredmedia":[{"embeddable":true,"href":"https:\/\/diariodepernambuco.audiencelabs.com.br\/wp-json\/wp\/v2\/media\/23136"}],"wp:attachment":[{"href":"https:\/\/diariodepernambuco.audiencelabs.com.br\/wp-json\/wp\/v2\/media?parent=23134"}],"wp:term":[{"taxonomy":"category","embeddable":true,"href":"https:\/\/diariodepernambuco.audiencelabs.com.br\/wp-json\/wp\/v2\/categories?post=23134"},{"taxonomy":"post_tag","embeddable":true,"href":"https:\/\/diariodepernambuco.audiencelabs.com.br\/wp-json\/wp\/v2\/tags?post=23134"}],"curies":[{"name":"wp","href":"https:\/\/api.w.org\/{rel}","templated":true}]}}