{"id":23140,"date":"2026-04-01T10:00:00","date_gmt":"2026-04-01T13:00:00","guid":{"rendered":"https:\/\/diariodepernambuco.audiencelabs.com.br\/?p=23140"},"modified":"2026-04-01T08:36:06","modified_gmt":"2026-04-01T11:36:06","slug":"carro-eletrico-mais-barato-do-brasil-custa-menos-de-r-100-000-e-tem-consumo-de-energia-baixo","status":"publish","type":"post","link":"https:\/\/diariodepernambuco.audiencelabs.com.br\/carro-eletrico-mais-barato-do-brasil-custa-menos-de-r-100-000-e-tem-consumo-de-energia-baixo\/","title":{"rendered":"Carro el\u00e9trico mais barato do Brasil custa menos de R$ 100.000 e tem consumo de energia baixo"},"content":{"rendered":"\n<p>O mercado de ve\u00edculos el\u00e9tricos no Brasil come\u00e7a a ganhar cada vez mais espa\u00e7o, principalmente com a chegada de modelos mais acess\u00edveis. Um dos grandes destaques \u00e9 o Renault Kwid E-Tech, considerado atualmente o carro el\u00e9trico mais barato do pa\u00eds, com pre\u00e7os a partir de R$ 99.990. O modelo chama aten\u00e7\u00e3o pelo baixo custo de aquisi\u00e7\u00e3o e pela proposta voltada ao uso urbano.<\/p>\n\n\n\n<p>Al\u00e9m do pre\u00e7o competitivo, o Kwid E-Tech tamb\u00e9m se destaca pela efici\u00eancia energ\u00e9tica. Com consumo reduzido, ele permite rodar mais gastando menos energia, o que impacta diretamente no custo por quil\u00f4metro. Seu tamanho compacto facilita a circula\u00e7\u00e3o em grandes cidades, al\u00e9m de tornar mais simples tarefas do dia a dia, como estacionar e enfrentar o tr\u00e2nsito.<\/p>\n\n\n\n<p>Outra op\u00e7\u00e3o que vem ganhando destaque no pa\u00eds \u00e9 o BYD Dolphin Mini, que oferece maior autonomia e desempenho em compara\u00e7\u00e3o ao modelo da Renault. O carro tem sido um dos mais vendidos da categoria, combinando tecnologia, bom alcance por carga e mais pot\u00eancia, o que o torna uma alternativa interessante para quem busca um el\u00e9trico mais completo.<\/p>\n\n\n\n<p>Com diferentes perfis de consumidores sendo atendidos, os carros el\u00e9tricos come\u00e7am a se consolidar como uma op\u00e7\u00e3o vi\u00e1vel no Brasil. Seja pelo custo mais baixo ou pela economia no dia a dia, modelos como Kwid E-Tech e Dolphin Mini mostram que a eletrifica\u00e7\u00e3o est\u00e1 cada vez mais pr\u00f3xima da realidade da popula\u00e7\u00e3o.<\/p>\n\n\n\n<h2 class=\"wp-block-heading\">Modelos el\u00e9tricos ampliam op\u00e7\u00f5es e aceleram transi\u00e7\u00e3o no pa\u00eds<\/h2>\n\n\n\n<p>O crescimento desse segmento est\u00e1 diretamente ligado \u00e0 busca por economia e sustentabilidade. Com o aumento dos pre\u00e7os dos combust\u00edveis, muitos motoristas passaram a considerar ve\u00edculos el\u00e9tricos como alternativa para reduzir gastos, especialmente em trajetos urbanos, onde o consumo tende a ser ainda mais eficiente.<\/p>\n\n\n\n<p>Al\u00e9m disso, a chegada de novas montadoras e o aumento da concorr\u00eancia t\u00eam contribu\u00eddo para a queda nos pre\u00e7os e maior variedade de modelos. Isso amplia o acesso do consumidor brasileiro aos el\u00e9tricos e fortalece a tend\u00eancia de expans\u00e3o desse tipo de ve\u00edculo nos pr\u00f3ximos anos, acompanhando o movimento global de transi\u00e7\u00e3o energ\u00e9tica.<\/p>\n\n\n\n<p><\/p>\n","protected":false},"excerpt":{"rendered":"<p>O mercado de ve\u00edculos el\u00e9tricos no Brasil come\u00e7a a ganhar cada vez mais espa\u00e7o, principalmente com a chegada de modelos mais acess\u00edveis. Um dos grandes destaques \u00e9 o Renault Kwid E-Tech, considerado atualmente o carro el\u00e9trico mais barato do pa\u00eds, com pre\u00e7os a partir de R$ 99.990. O modelo chama aten\u00e7\u00e3o pelo baixo custo de [&hellip;]<\/p>\n","protected":false},"author":4,"featured_media":23143,"comment_status":"open","ping_status":"open","sticky":false,"template":"","format":"standard","meta":{"jnews-multi-image_gallery":[],"jnews_single_post":{"format":"standard"},"jnews_primary_category":[],"jnews_social_meta":[],"jnews_post_split":[],"footnotes":""},"categories":[1],"tags":[],"class_list":["post-23140","post","type-post","status-publish","format-standard","has-post-thumbnail","hentry","category-uncategorized"],"_links":{"self":[{"href":"https:\/\/diariodepernambuco.audiencelabs.com.br\/wp-json\/wp\/v2\/posts\/23140","targetHints":{"allow":["GET"]}}],"collection":[{"href":"https:\/\/diariodepernambuco.audiencelabs.com.br\/wp-json\/wp\/v2\/posts"}],"about":[{"href":"https:\/\/diariodepernambuco.audiencelabs.com.br\/wp-json\/wp\/v2\/types\/post"}],"author":[{"embeddable":true,"href":"https:\/\/diariodepernambuco.audiencelabs.com.br\/wp-json\/wp\/v2\/users\/4"}],"replies":[{"embeddable":true,"href":"https:\/\/diariodepernambuco.audiencelabs.com.br\/wp-json\/wp\/v2\/comments?post=23140"}],"version-history":[{"count":2,"href":"https:\/\/diariodepernambuco.audiencelabs.com.br\/wp-json\/wp\/v2\/posts\/23140\/revisions"}],"predecessor-version":[{"id":23142,"href":"https:\/\/diariodepernambuco.audiencelabs.com.br\/wp-json\/wp\/v2\/posts\/23140\/revisions\/23142"}],"wp:featuredmedia":[{"embeddable":true,"href":"https:\/\/diariodepernambuco.audiencelabs.com.br\/wp-json\/wp\/v2\/media\/23143"}],"wp:attachment":[{"href":"https:\/\/diariodepernambuco.audiencelabs.com.br\/wp-json\/wp\/v2\/media?parent=23140"}],"wp:term":[{"taxonomy":"category","embeddable":true,"href":"https:\/\/diariodepernambuco.audiencelabs.com.br\/wp-json\/wp\/v2\/categories?post=23140"},{"taxonomy":"post_tag","embeddable":true,"href":"https:\/\/diariodepernambuco.audiencelabs.com.br\/wp-json\/wp\/v2\/tags?post=23140"}],"curies":[{"name":"wp","href":"https:\/\/api.w.org\/{rel}","templated":true}]}}