{"id":23144,"date":"2026-04-01T10:30:00","date_gmt":"2026-04-01T13:30:00","guid":{"rendered":"https:\/\/diariodepernambuco.audiencelabs.com.br\/?p=23144"},"modified":"2026-04-01T08:39:58","modified_gmt":"2026-04-01T11:39:58","slug":"suv-gigante-custa-menos-de-r-70-000-e-entra-na-categoria-uber-black-com-120cv-de-potencia","status":"publish","type":"post","link":"https:\/\/diariodepernambuco.audiencelabs.com.br\/suv-gigante-custa-menos-de-r-70-000-e-entra-na-categoria-uber-black-com-120cv-de-potencia\/","title":{"rendered":"SUV gigante custa menos de R$ 70.000 e entra na categoria Uber Black com 120cv de pot\u00eancia"},"content":{"rendered":"\n<p>O mercado de SUVs usados tem chamado aten\u00e7\u00e3o de quem busca espa\u00e7o e conforto sem gastar muito, e um dos modelos que vem se destacando \u00e9 o Renault Duster. Mesmo sendo classificado como um SUV compacto, o modelo impressiona pelo porte e pelo amplo espa\u00e7o interno, o que faz com que muitos o considerem um \u201cgigante\u201d da categoria.<\/p>\n\n\n\n<p>Em plataformas de venda, j\u00e1 \u00e9 poss\u00edvel encontrar unidades a partir de R$ 64.900. Outro ponto forte do Duster \u00e9 o porta-malas generoso, que desde o lan\u00e7amento virou refer\u00eancia entre os SUVs no Brasil. Esse espa\u00e7o extra \u00e9 um diferencial importante tanto para fam\u00edlias quanto para motoristas de aplicativo, especialmente aqueles que buscam atender categorias mais exigentes, como o Uber Black.<\/p>\n\n\n\n<p>Debaixo do cap\u00f4, o modelo pode vir equipado com motor 1.6 aspirado flex, capaz de entregar at\u00e9 120 cavalos de pot\u00eancia e 16,2 kgfm de torque. O SUV oferece op\u00e7\u00f5es de c\u00e2mbio manual de cinco marchas ou autom\u00e1tico do tipo CVT, com simula\u00e7\u00e3o de seis velocidades, garantindo uma condu\u00e7\u00e3o equilibrada tanto na cidade quanto na estrada.<\/p>\n\n\n\n<p>Al\u00e9m disso, o Duster tamb\u00e9m se destaca pela robustez. Com bons \u00e2ngulos de ataque e sa\u00edda, ele lida bem com lombadas, valetas e at\u00e9 estradas mal pavimentadas. Mesmo nas vers\u00f5es de entrada, o modelo j\u00e1 conta com itens importantes de seguran\u00e7a, como controle de estabilidade e tra\u00e7\u00e3o, assistente de partida em rampa e airbags frontais, al\u00e9m de recursos como computador de bordo e sistema start-stop.<\/p>\n\n\n\n<h2 class=\"wp-block-heading\">SUV acess\u00edvel combina resist\u00eancia e custo-benef\u00edcio no dia a dia<\/h2>\n\n\n\n<p>A popularidade do Renault Duster no mercado de usados est\u00e1 diretamente ligada ao seu custo-benef\u00edcio. Por um valor relativamente baixo, o consumidor leva um ve\u00edculo espa\u00e7oso, vers\u00e1til e preparado para diferentes tipos de terreno, o que agrada tanto quem vive em grandes cidades quanto em regi\u00f5es com infraestrutura mais irregular.<\/p>\n\n\n\n<p>Outro fator importante \u00e9 a manuten\u00e7\u00e3o considerada simples e o bom hist\u00f3rico de confiabilidade do modelo. Isso reduz os custos ao longo do tempo e aumenta a atratividade para motoristas que dependem do carro como ferramenta de trabalho, consolidando o Duster como uma escolha inteligente dentro da categoria de SUVs acess\u00edveis.<\/p>\n\n\n\n<p><\/p>\n","protected":false},"excerpt":{"rendered":"<p>O mercado de SUVs usados tem chamado aten\u00e7\u00e3o de quem busca espa\u00e7o e conforto sem gastar muito, e um dos modelos que vem se destacando \u00e9 o Renault Duster. Mesmo sendo classificado como um SUV compacto, o modelo impressiona pelo porte e pelo amplo espa\u00e7o interno, o que faz com que muitos o considerem um [&hellip;]<\/p>\n","protected":false},"author":4,"featured_media":23146,"comment_status":"open","ping_status":"open","sticky":false,"template":"","format":"standard","meta":{"jnews-multi-image_gallery":[],"jnews_single_post":{"format":"standard"},"jnews_primary_category":[],"jnews_social_meta":[],"jnews_post_split":[],"footnotes":""},"categories":[1],"tags":[],"class_list":["post-23144","post","type-post","status-publish","format-standard","has-post-thumbnail","hentry","category-uncategorized"],"_links":{"self":[{"href":"https:\/\/diariodepernambuco.audiencelabs.com.br\/wp-json\/wp\/v2\/posts\/23144","targetHints":{"allow":["GET"]}}],"collection":[{"href":"https:\/\/diariodepernambuco.audiencelabs.com.br\/wp-json\/wp\/v2\/posts"}],"about":[{"href":"https:\/\/diariodepernambuco.audiencelabs.com.br\/wp-json\/wp\/v2\/types\/post"}],"author":[{"embeddable":true,"href":"https:\/\/diariodepernambuco.audiencelabs.com.br\/wp-json\/wp\/v2\/users\/4"}],"replies":[{"embeddable":true,"href":"https:\/\/diariodepernambuco.audiencelabs.com.br\/wp-json\/wp\/v2\/comments?post=23144"}],"version-history":[{"count":3,"href":"https:\/\/diariodepernambuco.audiencelabs.com.br\/wp-json\/wp\/v2\/posts\/23144\/revisions"}],"predecessor-version":[{"id":23149,"href":"https:\/\/diariodepernambuco.audiencelabs.com.br\/wp-json\/wp\/v2\/posts\/23144\/revisions\/23149"}],"wp:featuredmedia":[{"embeddable":true,"href":"https:\/\/diariodepernambuco.audiencelabs.com.br\/wp-json\/wp\/v2\/media\/23146"}],"wp:attachment":[{"href":"https:\/\/diariodepernambuco.audiencelabs.com.br\/wp-json\/wp\/v2\/media?parent=23144"}],"wp:term":[{"taxonomy":"category","embeddable":true,"href":"https:\/\/diariodepernambuco.audiencelabs.com.br\/wp-json\/wp\/v2\/categories?post=23144"},{"taxonomy":"post_tag","embeddable":true,"href":"https:\/\/diariodepernambuco.audiencelabs.com.br\/wp-json\/wp\/v2\/tags?post=23144"}],"curies":[{"name":"wp","href":"https:\/\/api.w.org\/{rel}","templated":true}]}}