{"id":23150,"date":"2026-04-01T11:00:00","date_gmt":"2026-04-01T14:00:00","guid":{"rendered":"https:\/\/diariodepernambuco.audiencelabs.com.br\/?p=23150"},"modified":"2026-04-01T08:44:37","modified_gmt":"2026-04-01T11:44:37","slug":"adeus-ferias-de-30-dias-lei-aprovada-reduz-descanso-dos-brasileiros-clt","status":"publish","type":"post","link":"https:\/\/diariodepernambuco.audiencelabs.com.br\/adeus-ferias-de-30-dias-lei-aprovada-reduz-descanso-dos-brasileiros-clt\/","title":{"rendered":"Adeus, f\u00e9rias de 30 dias: lei aprovada reduz descanso dos brasileiros CLT"},"content":{"rendered":"\n<p>Uma mudan\u00e7a que voltou a ganhar destaque entre os trabalhadores brasileiros tem gerado preocupa\u00e7\u00e3o: o tradicional per\u00edodo de 30 dias de f\u00e9rias pode, sim, ser reduzido em algumas situa\u00e7\u00f5es previstas na legisla\u00e7\u00e3o. Apesar de muitos acreditarem que se trata de uma nova lei, a regra j\u00e1 existe na Consolida\u00e7\u00e3o das Leis do Trabalho (CLT) e foi refor\u00e7ada recentemente.<\/p>\n\n\n\n<p>Na pr\u00e1tica, o direito \u00e0s f\u00e9rias continua garantido ap\u00f3s 12 meses de trabalho, mas o n\u00famero de dias pode diminuir conforme a quantidade de faltas injustificadas do trabalhador ao longo desse per\u00edodo. Quem n\u00e3o ultrapassa cinco faltas mant\u00e9m os 30 dias integrais, mas esse tempo cai progressivamente para 24, 18 ou at\u00e9 12 dias, dependendo das aus\u00eancias registradas.<\/p>\n\n\n\n<p>A regra \u00e9 clara: quanto mais faltas sem justificativa, menor ser\u00e1 o per\u00edodo de descanso. Em casos mais extremos, quando o trabalhador acumula mais de 32 faltas no per\u00edodo aquisitivo, ele pode at\u00e9 perder o direito \u00e0s f\u00e9rias naquele ciclo. Por outro lado, faltas justificadas \u2014 como atestados m\u00e9dicos ou licen\u00e7as previstas em lei \u2014 n\u00e3o entram nessa conta.<\/p>\n\n\n\n<p>Mesmo com essas redu\u00e7\u00f5es poss\u00edveis, o modelo tradicional das f\u00e9rias n\u00e3o foi extinto. A legisla\u00e7\u00e3o brasileira ainda assegura o descanso anual remunerado, considerado um direito constitucional do trabalhador. O que mudou, na pr\u00e1tica, foi o refor\u00e7o das regras que j\u00e1 existiam, exigindo maior aten\u00e7\u00e3o por parte dos profissionais para n\u00e3o perder dias de descanso.<\/p>\n\n\n\n<h2 class=\"wp-block-heading\">Faltas e organiza\u00e7\u00e3o impactam diretamente no per\u00edodo de descanso<\/h2>\n\n\n\n<p>A possibilidade de redu\u00e7\u00e3o das f\u00e9rias evidencia a import\u00e2ncia da assiduidade no trabalho. Pequenas faltas ao longo do ano podem parecer inofensivas, mas, somadas, t\u00eam impacto direto no tempo de descanso garantido por lei. Por isso, especialistas recomendam que trabalhadores acompanhem de perto seu hist\u00f3rico de presen\u00e7a.<\/p>\n\n\n\n<p>Al\u00e9m disso, outro ponto que segue valendo \u00e9 a possibilidade de dividir as f\u00e9rias em at\u00e9 tr\u00eas per\u00edodos, desde que haja \u10e8\u10d4\u10d7\u10d0\u10dc\u10ee\u10db entre empregado e empregador. Essa flexibilidade pode ajudar na organiza\u00e7\u00e3o pessoal, mas tamb\u00e9m exige planejamento para garantir que o descanso seja realmente aproveitado.<\/p>\n\n\n\n<p><\/p>\n","protected":false},"excerpt":{"rendered":"<p>Uma mudan\u00e7a que voltou a ganhar destaque entre os trabalhadores brasileiros tem gerado preocupa\u00e7\u00e3o: o tradicional per\u00edodo de 30 dias de f\u00e9rias pode, sim, ser reduzido em algumas situa\u00e7\u00f5es previstas na legisla\u00e7\u00e3o. Apesar de muitos acreditarem que se trata de uma nova lei, a regra j\u00e1 existe na Consolida\u00e7\u00e3o das Leis do Trabalho (CLT) e [&hellip;]<\/p>\n","protected":false},"author":4,"featured_media":790,"comment_status":"open","ping_status":"open","sticky":false,"template":"","format":"standard","meta":{"jnews-multi-image_gallery":[],"jnews_single_post":{"format":"standard"},"jnews_primary_category":[],"jnews_social_meta":[],"jnews_post_split":[],"footnotes":""},"categories":[1],"tags":[],"class_list":["post-23150","post","type-post","status-publish","format-standard","has-post-thumbnail","hentry","category-uncategorized"],"_links":{"self":[{"href":"https:\/\/diariodepernambuco.audiencelabs.com.br\/wp-json\/wp\/v2\/posts\/23150","targetHints":{"allow":["GET"]}}],"collection":[{"href":"https:\/\/diariodepernambuco.audiencelabs.com.br\/wp-json\/wp\/v2\/posts"}],"about":[{"href":"https:\/\/diariodepernambuco.audiencelabs.com.br\/wp-json\/wp\/v2\/types\/post"}],"author":[{"embeddable":true,"href":"https:\/\/diariodepernambuco.audiencelabs.com.br\/wp-json\/wp\/v2\/users\/4"}],"replies":[{"embeddable":true,"href":"https:\/\/diariodepernambuco.audiencelabs.com.br\/wp-json\/wp\/v2\/comments?post=23150"}],"version-history":[{"count":3,"href":"https:\/\/diariodepernambuco.audiencelabs.com.br\/wp-json\/wp\/v2\/posts\/23150\/revisions"}],"predecessor-version":[{"id":23154,"href":"https:\/\/diariodepernambuco.audiencelabs.com.br\/wp-json\/wp\/v2\/posts\/23150\/revisions\/23154"}],"wp:featuredmedia":[{"embeddable":true,"href":"https:\/\/diariodepernambuco.audiencelabs.com.br\/wp-json\/wp\/v2\/media\/790"}],"wp:attachment":[{"href":"https:\/\/diariodepernambuco.audiencelabs.com.br\/wp-json\/wp\/v2\/media?parent=23150"}],"wp:term":[{"taxonomy":"category","embeddable":true,"href":"https:\/\/diariodepernambuco.audiencelabs.com.br\/wp-json\/wp\/v2\/categories?post=23150"},{"taxonomy":"post_tag","embeddable":true,"href":"https:\/\/diariodepernambuco.audiencelabs.com.br\/wp-json\/wp\/v2\/tags?post=23150"}],"curies":[{"name":"wp","href":"https:\/\/api.w.org\/{rel}","templated":true}]}}