{"id":23155,"date":"2026-04-01T11:30:00","date_gmt":"2026-04-01T14:30:00","guid":{"rendered":"https:\/\/diariodepernambuco.audiencelabs.com.br\/?p=23155"},"modified":"2026-04-01T12:07:07","modified_gmt":"2026-04-01T15:07:07","slug":"enquanto-dono-da-havan-anda-de-carro-velho-dos-anos-70-eike-batista-tem-colecao-de-mclaren","status":"publish","type":"post","link":"https:\/\/diariodepernambuco.audiencelabs.com.br\/enquanto-dono-da-havan-anda-de-carro-velho-dos-anos-70-eike-batista-tem-colecao-de-mclaren\/","title":{"rendered":"Enquanto dono da Havan anda de carro velho dos anos 70, Eike Batista tem cole\u00e7\u00e3o de Mclaren"},"content":{"rendered":"\n<p>O contraste entre grandes empres\u00e1rios brasileiros chama aten\u00e7\u00e3o n\u00e3o apenas pelas fortunas, mas tamb\u00e9m pelo estilo de vida. De um lado, Luciano Hang, dono da Havan, surpreende ao manter h\u00e1bitos simples quando o assunto \u00e9 carro. Mesmo sendo bilion\u00e1rio, ele costuma circular com um modelo antigo dos anos 1970.<\/p>\n\n\n\n<p>O ve\u00edculo em quest\u00e3o \u00e9 um cl\u00e1ssico que carrega forte valor sentimental: um Fiat 147 de 1979, semelhante ao primeiro carro que teve na juventude. Para Hang, o autom\u00f3vel representa uma fase importante de sua trajet\u00f3ria, quando ainda estava no in\u00edcio da carreira e longe do sucesso empresarial. Essa escolha refor\u00e7a uma vis\u00e3o mais nost\u00e1lgica e pessoal sobre bens materiais.<\/p>\n\n\n\n<p>Do outro lado est\u00e1 Eike Batista, conhecido por uma postura completamente diferente. Durante o auge de sua fortuna, ele reuniu uma cole\u00e7\u00e3o impressionante de carros de luxo, incluindo modelos raros e extremamente caros. Um dos destaques \u00e9 o Mercedes-Benz SLR McLaren, equipado com motor V8 supercharged de mais de 600 cavalos, considerado um dos esportivos mais exclusivos j\u00e1 vistos no Brasil.<\/p>\n\n\n\n<p>Al\u00e9m da McLaren, a garagem de Eike j\u00e1 contou com verdadeiras joias automobil\u00edsticas, como Lamborghini Aventador, Porsche Cayenne Turbo S, Range Rover Vogue e BMW X5. A cole\u00e7\u00e3o n\u00e3o apenas refletia seu poder financeiro, mas tamb\u00e9m ajudava a projetar sua imagem p\u00fablica ligada ao luxo e \u00e0 velocidade, em contraste direto com a simplicidade adotada por Hang.<\/p>\n\n\n\n<h2 class=\"wp-block-heading\">Eike x Hang: Estilos opostos revelam diferentes vis\u00f5es sobre riqueza e sucesso<\/h2>\n\n\n\n<p>A diferen\u00e7a entre os dois empres\u00e1rios vai al\u00e9m dos carros e exp\u00f5e maneiras distintas de enxergar o sucesso. Enquanto Luciano Hang valoriza a mem\u00f3ria e a trajet\u00f3ria pessoal, mantendo um s\u00edmbolo de suas origens, Eike Batista sempre demonstrou prefer\u00eancia por inova\u00e7\u00e3o, desempenho e exclusividade no universo automotivo.<\/p>\n\n\n\n<p>Essas escolhas mostram que, mesmo entre bilion\u00e1rios, o conceito de luxo pode variar bastante. Para alguns, ele est\u00e1 ligado \u00e0 hist\u00f3ria e \u00e0s conquistas pessoais; para outros, \u00e0 tecnologia, pot\u00eancia e visibilidade. No fim, as garagens de ambos se tornam reflexos claros de suas personalidades e de como decidiram aproveitar suas fortunas.<\/p>\n\n\n\n<p><\/p>\n","protected":false},"excerpt":{"rendered":"<p>O contraste entre grandes empres\u00e1rios brasileiros chama aten\u00e7\u00e3o n\u00e3o apenas pelas fortunas, mas tamb\u00e9m pelo estilo de vida. De um lado, Luciano Hang, dono da Havan, surpreende ao manter h\u00e1bitos simples quando o assunto \u00e9 carro. Mesmo sendo bilion\u00e1rio, ele costuma circular com um modelo antigo dos anos 1970. O ve\u00edculo em quest\u00e3o \u00e9 um [&hellip;]<\/p>\n","protected":false},"author":4,"featured_media":13876,"comment_status":"open","ping_status":"open","sticky":false,"template":"","format":"standard","meta":{"jnews-multi-image_gallery":[],"jnews_single_post":{"format":"standard"},"jnews_primary_category":[],"jnews_social_meta":[],"jnews_post_split":[],"footnotes":""},"categories":[1],"tags":[],"class_list":["post-23155","post","type-post","status-publish","format-standard","has-post-thumbnail","hentry","category-uncategorized"],"_links":{"self":[{"href":"https:\/\/diariodepernambuco.audiencelabs.com.br\/wp-json\/wp\/v2\/posts\/23155","targetHints":{"allow":["GET"]}}],"collection":[{"href":"https:\/\/diariodepernambuco.audiencelabs.com.br\/wp-json\/wp\/v2\/posts"}],"about":[{"href":"https:\/\/diariodepernambuco.audiencelabs.com.br\/wp-json\/wp\/v2\/types\/post"}],"author":[{"embeddable":true,"href":"https:\/\/diariodepernambuco.audiencelabs.com.br\/wp-json\/wp\/v2\/users\/4"}],"replies":[{"embeddable":true,"href":"https:\/\/diariodepernambuco.audiencelabs.com.br\/wp-json\/wp\/v2\/comments?post=23155"}],"version-history":[{"count":3,"href":"https:\/\/diariodepernambuco.audiencelabs.com.br\/wp-json\/wp\/v2\/posts\/23155\/revisions"}],"predecessor-version":[{"id":23222,"href":"https:\/\/diariodepernambuco.audiencelabs.com.br\/wp-json\/wp\/v2\/posts\/23155\/revisions\/23222"}],"wp:featuredmedia":[{"embeddable":true,"href":"https:\/\/diariodepernambuco.audiencelabs.com.br\/wp-json\/wp\/v2\/media\/13876"}],"wp:attachment":[{"href":"https:\/\/diariodepernambuco.audiencelabs.com.br\/wp-json\/wp\/v2\/media?parent=23155"}],"wp:term":[{"taxonomy":"category","embeddable":true,"href":"https:\/\/diariodepernambuco.audiencelabs.com.br\/wp-json\/wp\/v2\/categories?post=23155"},{"taxonomy":"post_tag","embeddable":true,"href":"https:\/\/diariodepernambuco.audiencelabs.com.br\/wp-json\/wp\/v2\/tags?post=23155"}],"curies":[{"name":"wp","href":"https:\/\/api.w.org\/{rel}","templated":true}]}}