{"id":2316,"date":"2025-09-02T15:00:00","date_gmt":"2025-09-02T18:00:00","guid":{"rendered":"https:\/\/diariodepernambuco.audiencelabs.com.br\/?p=2316"},"modified":"2025-09-01T10:48:38","modified_gmt":"2025-09-01T13:48:38","slug":"brasileiros-que-nasceram-em-novembro-recebem-r-200-do-governo","status":"publish","type":"post","link":"https:\/\/diariodepernambuco.audiencelabs.com.br\/brasileiros-que-nasceram-em-novembro-recebem-r-200-do-governo\/","title":{"rendered":"Brasileiros que nasceram em novembro recebem R$ 200 do Governo"},"content":{"rendered":"\n<p>O Minist\u00e9rio da Educa\u00e7\u00e3o (MEC) realizou nesta segunda-feira (1\u00ba) o pagamento da sexta parcela do programa P\u00e9-de-Meia de 2025 para os participantes nascidos em novembro e dezembro. O benef\u00edcio \u00e9 destinado a estudantes do ensino m\u00e9dio da rede p\u00fablica regular e da modalidade Educa\u00e7\u00e3o de Jovens e Adultos (EJA) que est\u00e3o cadastrados no Cad\u00danico.<\/p>\n\n\n\n<p>Nesta nova etapa, a Caixa Econ\u00f4mica Federal \u2014 respons\u00e1vel pela gest\u00e3o dos recursos repassados pelo MEC \u2014 informa que aproximadamente 3,4 milh\u00f5es de estudantes de escolas p\u00fablicas receber\u00e3o o benef\u00edcio de R$ 200 at\u00e9 a pr\u00f3xima segunda-feira (1\u00ba). Segundo o MEC, para ter direito ao pagamento, \u00e9 necess\u00e1rio que os alunos tenham frequ\u00eancia m\u00ednima de 80% nas aulas.<\/p>\n\n\n\n<p>Os pagamentos do incentivo-frequ\u00eancia do P\u00e9-de-Meia s\u00e3o realizados de acordo com o m\u00eas de nascimento dos estudantes matriculados em uma das tr\u00eas s\u00e9ries do ensino m\u00e9dio da rede p\u00fablica. Por exemplo, os alunos nascidos em janeiro e fevereiro receberam a parcela no dia 25 de agosto e os nascidos em mar\u00e7o e abril receberam no dia seguinte.<\/p>\n\n\n\n<p>A sexta parcela da chamada \u201cpoupan\u00e7a do ensino m\u00e9dio\u201d foi depositada em uma conta poupan\u00e7a da Caixa Econ\u00f4mica Federal, criada automaticamente em nome dos estudantes. O valor pode ser movimentado ou sacado imediatamente, caso o participante queira, bastando acessar o aplicativo Caixa Tem, para alunos com 18 anos ou mais.<\/p>\n\n\n\n<h2 class=\"wp-block-heading\">Requisitos para ser inserido no p\u00e9-de-meia<\/h2>\n\n\n\n<ul class=\"wp-block-list\">\n<li>Estar matriculado: O aluno deve estar regularmente matriculado em uma das tr\u00eas s\u00e9ries do ensino m\u00e9dio da rede p\u00fablica ou na Educa\u00e7\u00e3o de Jovens e Adultos (EJA).<\/li>\n<\/ul>\n\n\n\n<ul class=\"wp-block-list\">\n<li>Cadastro no Cad\u00danico: \u00c9 necess\u00e1rio estar inscrito no Cadastro Nacional de Programas Sociais (Cad\u00danico), que registra fam\u00edlias em situa\u00e7\u00e3o de vulnerabilidade social.<\/li>\n<\/ul>\n\n\n\n<ul class=\"wp-block-list\">\n<li>Frequ\u00eancia m\u00ednima: O estudante precisa manter presen\u00e7a m\u00ednima de 80% nas aulas durante o per\u00edodo letivo para ter direito ao benef\u00edcio.<\/li>\n<\/ul>\n\n\n\n<ul class=\"wp-block-list\">\n<li>Idade m\u00ednima: Para movimentar o valor pelo aplicativo Caixa Tem, o aluno deve ter 18 anos ou mais.<\/li>\n<\/ul>\n\n\n\n<p><\/p>\n","protected":false},"excerpt":{"rendered":"<p>O Minist\u00e9rio da Educa\u00e7\u00e3o (MEC) realizou nesta segunda-feira (1\u00ba) o pagamento da sexta parcela do programa P\u00e9-de-Meia de 2025 para os participantes nascidos em novembro e dezembro. O benef\u00edcio \u00e9 destinado a estudantes do ensino m\u00e9dio da rede p\u00fablica regular e da modalidade Educa\u00e7\u00e3o de Jovens e Adultos (EJA) que est\u00e3o cadastrados no Cad\u00danico. Nesta [&hellip;]<\/p>\n","protected":false},"author":4,"featured_media":2120,"comment_status":"open","ping_status":"open","sticky":false,"template":"","format":"standard","meta":{"jnews-multi-image_gallery":[],"jnews_single_post":{"format":"standard"},"jnews_primary_category":[],"jnews_social_meta":[],"jnews_post_split":[],"footnotes":""},"categories":[1],"tags":[],"class_list":["post-2316","post","type-post","status-publish","format-standard","has-post-thumbnail","hentry","category-uncategorized"],"_links":{"self":[{"href":"https:\/\/diariodepernambuco.audiencelabs.com.br\/wp-json\/wp\/v2\/posts\/2316","targetHints":{"allow":["GET"]}}],"collection":[{"href":"https:\/\/diariodepernambuco.audiencelabs.com.br\/wp-json\/wp\/v2\/posts"}],"about":[{"href":"https:\/\/diariodepernambuco.audiencelabs.com.br\/wp-json\/wp\/v2\/types\/post"}],"author":[{"embeddable":true,"href":"https:\/\/diariodepernambuco.audiencelabs.com.br\/wp-json\/wp\/v2\/users\/4"}],"replies":[{"embeddable":true,"href":"https:\/\/diariodepernambuco.audiencelabs.com.br\/wp-json\/wp\/v2\/comments?post=2316"}],"version-history":[{"count":2,"href":"https:\/\/diariodepernambuco.audiencelabs.com.br\/wp-json\/wp\/v2\/posts\/2316\/revisions"}],"predecessor-version":[{"id":2322,"href":"https:\/\/diariodepernambuco.audiencelabs.com.br\/wp-json\/wp\/v2\/posts\/2316\/revisions\/2322"}],"wp:featuredmedia":[{"embeddable":true,"href":"https:\/\/diariodepernambuco.audiencelabs.com.br\/wp-json\/wp\/v2\/media\/2120"}],"wp:attachment":[{"href":"https:\/\/diariodepernambuco.audiencelabs.com.br\/wp-json\/wp\/v2\/media?parent=2316"}],"wp:term":[{"taxonomy":"category","embeddable":true,"href":"https:\/\/diariodepernambuco.audiencelabs.com.br\/wp-json\/wp\/v2\/categories?post=2316"},{"taxonomy":"post_tag","embeddable":true,"href":"https:\/\/diariodepernambuco.audiencelabs.com.br\/wp-json\/wp\/v2\/tags?post=2316"}],"curies":[{"name":"wp","href":"https:\/\/api.w.org\/{rel}","templated":true}]}}