{"id":23178,"date":"2026-04-01T10:13:47","date_gmt":"2026-04-01T13:13:47","guid":{"rendered":"https:\/\/diariodepernambuco.audiencelabs.com.br\/?p=23178"},"modified":"2026-04-01T10:13:49","modified_gmt":"2026-04-01T13:13:49","slug":"marca-de-azeite-amada-pelos-brasileiros-fecha-as-portas-e-chega-a-falencia","status":"publish","type":"post","link":"https:\/\/diariodepernambuco.audiencelabs.com.br\/marca-de-azeite-amada-pelos-brasileiros-fecha-as-portas-e-chega-a-falencia\/","title":{"rendered":"Marca de azeite amada pelos brasileiros fecha as portas e chega \u00e0 fal\u00eancia"},"content":{"rendered":"\n<p>Uma marca presente h\u00e1 d\u00e9cadas nas mesas brasileiras est\u00e1 encerrando suas atividades. O tradicional grupo Grupo Raiola, conhecido por seus azeites e produtos em conserva, teve fal\u00eancia decretada pela Justi\u00e7a de S\u00e3o Paulo ap\u00f3s n\u00e3o conseguir cumprir acordos financeiros firmados anteriormente.<\/p>\n\n\n\n<p>A empresa havia buscado reorganizar contas e d\u00edvidas por meio de um processo de recupera\u00e7\u00e3o judicial iniciado em 2023. No entanto, o plano n\u00e3o avan\u00e7ou como esperado. Com obriga\u00e7\u00f5es acumuladas, principalmente de natureza tribut\u00e1ria, a companhia n\u00e3o conseguiu seguir operando.<\/p>\n\n\n\n<h2 class=\"wp-block-heading\">D\u00edvidas e entraves<\/h2>\n\n\n\n<p>Um dos principais obst\u00e1culos enfrentados pelo grupo foi o alto volume de d\u00e9bitos fiscais, que dificultou acordos e inviabilizou novas tentativas de investimento. A empresa chegou a negociar a venda de parte de seus ativos como forma de levantar recursos, mas problemas burocr\u00e1ticos e jur\u00eddicos impediram a conclus\u00e3o das negocia\u00e7\u00f5es.<\/p>\n\n\n\n<p>Todo esse cen\u00e1rio contribuiu para o agravamento da situa\u00e7\u00e3o financeira da companhia, que j\u00e1 vinha enfrentando queda de receita nos \u00faltimos anos.<\/p>\n\n\n\n<h2 class=\"wp-block-heading\">O que acontece agora<\/h2>\n\n\n\n<p>Com a fal\u00eancia decretada, agora os bens da empresa, incluindo estoques e at\u00e9 a pr\u00f3pria marca, poder\u00e3o ser vendidos para pagar credores. A prioridade segue uma ordem definida por lei, come\u00e7ando pelos trabalhadores e seguindo com outros tipos de credores.<\/p>\n","protected":false},"excerpt":{"rendered":"<p>Uma marca presente h\u00e1 d\u00e9cadas nas mesas brasileiras est\u00e1 encerrando suas atividades. O tradicional grupo Grupo Raiola, conhecido por seus azeites e produtos em conserva, teve fal\u00eancia decretada pela Justi\u00e7a de S\u00e3o Paulo ap\u00f3s n\u00e3o conseguir cumprir acordos financeiros firmados anteriormente. A empresa havia buscado reorganizar contas e d\u00edvidas por meio de um processo de [&hellip;]<\/p>\n","protected":false},"author":17,"featured_media":23179,"comment_status":"open","ping_status":"open","sticky":false,"template":"","format":"standard","meta":{"jnews-multi-image_gallery":[],"jnews_single_post":{"format":"standard"},"jnews_primary_category":[],"jnews_social_meta":[],"jnews_post_split":[],"footnotes":""},"categories":[1],"tags":[],"class_list":["post-23178","post","type-post","status-publish","format-standard","has-post-thumbnail","hentry","category-uncategorized"],"_links":{"self":[{"href":"https:\/\/diariodepernambuco.audiencelabs.com.br\/wp-json\/wp\/v2\/posts\/23178","targetHints":{"allow":["GET"]}}],"collection":[{"href":"https:\/\/diariodepernambuco.audiencelabs.com.br\/wp-json\/wp\/v2\/posts"}],"about":[{"href":"https:\/\/diariodepernambuco.audiencelabs.com.br\/wp-json\/wp\/v2\/types\/post"}],"author":[{"embeddable":true,"href":"https:\/\/diariodepernambuco.audiencelabs.com.br\/wp-json\/wp\/v2\/users\/17"}],"replies":[{"embeddable":true,"href":"https:\/\/diariodepernambuco.audiencelabs.com.br\/wp-json\/wp\/v2\/comments?post=23178"}],"version-history":[{"count":1,"href":"https:\/\/diariodepernambuco.audiencelabs.com.br\/wp-json\/wp\/v2\/posts\/23178\/revisions"}],"predecessor-version":[{"id":23180,"href":"https:\/\/diariodepernambuco.audiencelabs.com.br\/wp-json\/wp\/v2\/posts\/23178\/revisions\/23180"}],"wp:featuredmedia":[{"embeddable":true,"href":"https:\/\/diariodepernambuco.audiencelabs.com.br\/wp-json\/wp\/v2\/media\/23179"}],"wp:attachment":[{"href":"https:\/\/diariodepernambuco.audiencelabs.com.br\/wp-json\/wp\/v2\/media?parent=23178"}],"wp:term":[{"taxonomy":"category","embeddable":true,"href":"https:\/\/diariodepernambuco.audiencelabs.com.br\/wp-json\/wp\/v2\/categories?post=23178"},{"taxonomy":"post_tag","embeddable":true,"href":"https:\/\/diariodepernambuco.audiencelabs.com.br\/wp-json\/wp\/v2\/tags?post=23178"}],"curies":[{"name":"wp","href":"https:\/\/api.w.org\/{rel}","templated":true}]}}