{"id":23185,"date":"2026-04-02T14:15:00","date_gmt":"2026-04-02T17:15:00","guid":{"rendered":"https:\/\/diariodepernambuco.audiencelabs.com.br\/?p=23185"},"modified":"2026-04-01T10:41:32","modified_gmt":"2026-04-01T13:41:32","slug":"quais-serao-os-grupos-da-copa-do-mundo-2026","status":"publish","type":"post","link":"https:\/\/diariodepernambuco.audiencelabs.com.br\/quais-serao-os-grupos-da-copa-do-mundo-2026\/","title":{"rendered":"Quais ser\u00e3o os grupos da Copa do Mundo 2026?"},"content":{"rendered":"\n<p>Faltam 70 dias para a bola rolar na 23\u00aa edi\u00e7\u00e3o da Copa do Mundo. E os apaixonados pelo torneio enfim conheceram todos os 48 pa\u00edses que ir\u00e3o buscar o cobi\u00e7ado trof\u00e9u nos Estados Unidos, M\u00e9xico e Canad\u00e1. Isto porque, na \u00faltima ter\u00e7a-feira (31), as \u00faltimas seis vagas foram definidas em repescagens de tirar o f\u00f4lego.<\/p>\n\n\n\n<p>Quatro delas foram decididas na Europa: a Rep\u00fablica Tcheca bateu a Dinamarca e se garantiu no Grupo A ao lado de M\u00e9xico, \u00c1frica do Sul e Coreia do Sul. A B\u00f3snia, que surpreendeu a tradicional It\u00e1lia, estar\u00e1 no Grupo B com Canad\u00e1, Catar e Su\u00ed\u00e7a. A Turquia vai para o Grupo D com Estados Unidos, Paraguai e Austr\u00e1lia. Por fim, a Su\u00e9cia enfrenta Holanda, Jap\u00e3o e Tun\u00edsia no Grupo F.<\/p>\n\n\n\n<p>J\u00e1 na repescagem internacional, a Rep\u00fablica Democr\u00e1tica do Congo superou a Jamaica por 1 a 0, na prorroga\u00e7\u00e3o, e estar\u00e1 no Mundial no Grupo K ao lado de Portugal, Uzbequist\u00e3o e Col\u00f4mbia. O Iraque, que venceu a Bol\u00edvia por 2 a 1, \u00e9 o outro classificado e dividir\u00e1 o Grupo I com Fran\u00e7a, Senegal e Noruega.<\/p>\n\n\n\n<p>O Brasil j\u00e1 conhecia seus advers\u00e1rios desde dezembro, quando a FIFA realizou o sorteio das chaves. Ancelotti e seus comandados enfrentar\u00e3o Marrocos, Haiti e Esc\u00f3cia pelo Grupo C. A abertura da Copa ter\u00e1 o duelo entre M\u00e9xico e \u00c1frica do Sul, no dia 11 de junho, no Est\u00e1dio Azteca, na Cidade do M\u00e9xico.<\/p>\n\n\n\n<h2 class=\"wp-block-heading\">Todos os grupos da Copa do Mundo<\/h2>\n\n\n\n<ul class=\"wp-block-list\">\n<li>GRUPO A: M\u00e9xico, \u00c1frica do Sul, Coreia do Sul e Rep\u00fablica Tcheca;<\/li>\n\n\n\n<li>GRUPO B: Canad\u00e1, B\u00f3snia, Catar e Su\u00ed\u00e7a;<\/li>\n\n\n\n<li>GRUPO C: Brasil, Marrocos, Haiti e Esc\u00f3cia;<\/li>\n\n\n\n<li>GRUPO D: Estados Unidos, Paraguai, Austr\u00e1lia e Turquia;<\/li>\n\n\n\n<li>GRUPO E: Alemanha, Cura\u00e7ao, Costa do Marfim e Equador;<\/li>\n\n\n\n<li>GRUPO F: Holanda, Jap\u00e3o, Su\u00e9cia e Tun\u00edsia;<\/li>\n\n\n\n<li>GRUPO G: B\u00e9lgica, Egito, Ir\u00e3 e Nova Zel\u00e2ndia;<\/li>\n\n\n\n<li>GRUPO H: Espanha, Cabo Verde, Ar\u00e1bia Saudita e Uruguai;<\/li>\n\n\n\n<li>GRUPO I: Fran\u00e7a, Senegal, Iraque e Noruega;<\/li>\n\n\n\n<li>GRUPO J: Argentina, Arg\u00e9lia, \u00c1ustria e Jord\u00e2nia;<\/li>\n\n\n\n<li>GRUPO K: Portugal, RD Congo, Uzbequist\u00e3o e Col\u00f4mbia;<\/li>\n\n\n\n<li>GRUPO L: Inglaterra, Cro\u00e1cia, Gana e Panam\u00e1.<\/li>\n<\/ul>\n\n\n\n<p><\/p>\n","protected":false},"excerpt":{"rendered":"<p>Faltam 70 dias para a bola rolar na 23\u00aa edi\u00e7\u00e3o da Copa do Mundo. E os apaixonados pelo torneio enfim conheceram todos os 48 pa\u00edses que ir\u00e3o buscar o cobi\u00e7ado trof\u00e9u nos Estados Unidos, M\u00e9xico e Canad\u00e1. Isto porque, na \u00faltima ter\u00e7a-feira (31), as \u00faltimas seis vagas foram definidas em repescagens de tirar o f\u00f4lego. [&hellip;]<\/p>\n","protected":false},"author":4,"featured_media":6156,"comment_status":"open","ping_status":"open","sticky":false,"template":"","format":"standard","meta":{"jnews-multi-image_gallery":[],"jnews_single_post":{"format":"standard"},"jnews_primary_category":[],"jnews_social_meta":[],"jnews_post_split":[],"footnotes":""},"categories":[1],"tags":[],"class_list":["post-23185","post","type-post","status-publish","format-standard","has-post-thumbnail","hentry","category-uncategorized"],"_links":{"self":[{"href":"https:\/\/diariodepernambuco.audiencelabs.com.br\/wp-json\/wp\/v2\/posts\/23185","targetHints":{"allow":["GET"]}}],"collection":[{"href":"https:\/\/diariodepernambuco.audiencelabs.com.br\/wp-json\/wp\/v2\/posts"}],"about":[{"href":"https:\/\/diariodepernambuco.audiencelabs.com.br\/wp-json\/wp\/v2\/types\/post"}],"author":[{"embeddable":true,"href":"https:\/\/diariodepernambuco.audiencelabs.com.br\/wp-json\/wp\/v2\/users\/4"}],"replies":[{"embeddable":true,"href":"https:\/\/diariodepernambuco.audiencelabs.com.br\/wp-json\/wp\/v2\/comments?post=23185"}],"version-history":[{"count":2,"href":"https:\/\/diariodepernambuco.audiencelabs.com.br\/wp-json\/wp\/v2\/posts\/23185\/revisions"}],"predecessor-version":[{"id":23193,"href":"https:\/\/diariodepernambuco.audiencelabs.com.br\/wp-json\/wp\/v2\/posts\/23185\/revisions\/23193"}],"wp:featuredmedia":[{"embeddable":true,"href":"https:\/\/diariodepernambuco.audiencelabs.com.br\/wp-json\/wp\/v2\/media\/6156"}],"wp:attachment":[{"href":"https:\/\/diariodepernambuco.audiencelabs.com.br\/wp-json\/wp\/v2\/media?parent=23185"}],"wp:term":[{"taxonomy":"category","embeddable":true,"href":"https:\/\/diariodepernambuco.audiencelabs.com.br\/wp-json\/wp\/v2\/categories?post=23185"},{"taxonomy":"post_tag","embeddable":true,"href":"https:\/\/diariodepernambuco.audiencelabs.com.br\/wp-json\/wp\/v2\/tags?post=23185"}],"curies":[{"name":"wp","href":"https:\/\/api.w.org\/{rel}","templated":true}]}}