{"id":23190,"date":"2026-04-01T11:13:19","date_gmt":"2026-04-01T14:13:19","guid":{"rendered":"https:\/\/diariodepernambuco.audiencelabs.com.br\/?p=23190"},"modified":"2026-04-01T11:13:21","modified_gmt":"2026-04-01T14:13:21","slug":"calendario-do-bolsa-familia-de-abril-saiba-datas-e-valores-dos-pagamentos","status":"publish","type":"post","link":"https:\/\/diariodepernambuco.audiencelabs.com.br\/calendario-do-bolsa-familia-de-abril-saiba-datas-e-valores-dos-pagamentos\/","title":{"rendered":"Calend\u00e1rio do Bolsa Fam\u00edlia de abril: saiba datas e valores dos pagamentos"},"content":{"rendered":"\n<p>Para os benefici\u00e1rios do Bolsa Fam\u00edlia, os pagamentos no m\u00eas de abril iniciam mais cedo, com libera\u00e7\u00e3o dos recursos j\u00e1 no dia 16 e se estendendo at\u00e9 o dia 30, seguindo a ordem do \u00faltimo d\u00edgito do N\u00famero de Identifica\u00e7\u00e3o Social (NIS).<\/p>\n\n\n\n<p>O valor base do Bolsa Fam\u00edlia \u00e9 de R$ 142 por pessoa, mas o programa garante que nenhuma fam\u00edlia receba menos de R$ 600 por m\u00eas. Al\u00e9m desse m\u00ednimo, existem complementos de acordo com a composi\u00e7\u00e3o familiar:<\/p>\n\n\n\n<ul class=\"wp-block-list\">\n<li>Crian\u00e7as de at\u00e9 6 anos: R$ 150 por crian\u00e7a<\/li>\n\n\n\n<li>Beb\u00eas de at\u00e9 7 meses: R$ 50 adicionais<\/li>\n\n\n\n<li>Jovens de 7 a 17 anos: R$ 50 por integrante<\/li>\n\n\n\n<li>Gestantes: R$ 50 adicionais<\/li>\n<\/ul>\n\n\n\n<h2 class=\"wp-block-heading\">Mantendo o benef\u00edcio ativo<\/h2>\n\n\n\n<p>Para continuar recebendo os pagamentos, \u00e9 fundamental que crian\u00e7as e adolescentes frequentem a escola regularmente, enquanto gestantes precisam manter o pr\u00e9-natal em dia. Al\u00e9m disso, vacinas e consultas m\u00e9dicas devem estar atualizadas. Manter os dados do Cad\u00danico corretos tamb\u00e9m \u00e9 essencial para evitar interrup\u00e7\u00f5es no pagamento.<\/p>\n\n\n\n<h2 class=\"wp-block-heading\">Confira o cronograma de abril<\/h2>\n\n\n\n<ul class=\"wp-block-list\">\n<li>NIS final 1: 16\/04<\/li>\n\n\n\n<li>NIS final 2: 17\/04<\/li>\n\n\n\n<li>NIS final 3: 20\/04<\/li>\n\n\n\n<li>NIS final 4: 22\/04<\/li>\n\n\n\n<li>NIS final 5: 23\/04<\/li>\n\n\n\n<li>NIS final 6: 24\/04<\/li>\n\n\n\n<li>NIS final 7: 27\/04<\/li>\n\n\n\n<li>NIS final 8: 28\/04<\/li>\n\n\n\n<li>NIS final 9: 29\/04<\/li>\n\n\n\n<li>NIS final 0: 30\/04<\/li>\n<\/ul>\n","protected":false},"excerpt":{"rendered":"<p>Para os benefici\u00e1rios do Bolsa Fam\u00edlia, os pagamentos no m\u00eas de abril iniciam mais cedo, com libera\u00e7\u00e3o dos recursos j\u00e1 no dia 16 e se estendendo at\u00e9 o dia 30, seguindo a ordem do \u00faltimo d\u00edgito do N\u00famero de Identifica\u00e7\u00e3o Social (NIS). O valor base do Bolsa Fam\u00edlia \u00e9 de R$ 142 por pessoa, mas [&hellip;]<\/p>\n","protected":false},"author":17,"featured_media":15440,"comment_status":"open","ping_status":"open","sticky":false,"template":"","format":"standard","meta":{"jnews-multi-image_gallery":[],"jnews_single_post":{"format":"standard"},"jnews_primary_category":[],"jnews_social_meta":[],"jnews_post_split":[],"footnotes":""},"categories":[1],"tags":[],"class_list":["post-23190","post","type-post","status-publish","format-standard","has-post-thumbnail","hentry","category-uncategorized"],"_links":{"self":[{"href":"https:\/\/diariodepernambuco.audiencelabs.com.br\/wp-json\/wp\/v2\/posts\/23190","targetHints":{"allow":["GET"]}}],"collection":[{"href":"https:\/\/diariodepernambuco.audiencelabs.com.br\/wp-json\/wp\/v2\/posts"}],"about":[{"href":"https:\/\/diariodepernambuco.audiencelabs.com.br\/wp-json\/wp\/v2\/types\/post"}],"author":[{"embeddable":true,"href":"https:\/\/diariodepernambuco.audiencelabs.com.br\/wp-json\/wp\/v2\/users\/17"}],"replies":[{"embeddable":true,"href":"https:\/\/diariodepernambuco.audiencelabs.com.br\/wp-json\/wp\/v2\/comments?post=23190"}],"version-history":[{"count":3,"href":"https:\/\/diariodepernambuco.audiencelabs.com.br\/wp-json\/wp\/v2\/posts\/23190\/revisions"}],"predecessor-version":[{"id":24452,"href":"https:\/\/diariodepernambuco.audiencelabs.com.br\/wp-json\/wp\/v2\/posts\/23190\/revisions\/24452"}],"wp:featuredmedia":[{"embeddable":true,"href":"https:\/\/diariodepernambuco.audiencelabs.com.br\/wp-json\/wp\/v2\/media\/15440"}],"wp:attachment":[{"href":"https:\/\/diariodepernambuco.audiencelabs.com.br\/wp-json\/wp\/v2\/media?parent=23190"}],"wp:term":[{"taxonomy":"category","embeddable":true,"href":"https:\/\/diariodepernambuco.audiencelabs.com.br\/wp-json\/wp\/v2\/categories?post=23190"},{"taxonomy":"post_tag","embeddable":true,"href":"https:\/\/diariodepernambuco.audiencelabs.com.br\/wp-json\/wp\/v2\/tags?post=23190"}],"curies":[{"name":"wp","href":"https:\/\/api.w.org\/{rel}","templated":true}]}}