{"id":23217,"date":"2026-04-04T18:23:00","date_gmt":"2026-04-04T21:23:00","guid":{"rendered":"https:\/\/diariodepernambuco.audiencelabs.com.br\/?p=23217"},"modified":"2026-04-04T18:22:33","modified_gmt":"2026-04-04T21:22:33","slug":"novo-suv-hibrido-da-geely-chega-ao-brasil-para-abalar-a-concorrencia","status":"publish","type":"post","link":"https:\/\/diariodepernambuco.audiencelabs.com.br\/novo-suv-hibrido-da-geely-chega-ao-brasil-para-abalar-a-concorrencia\/","title":{"rendered":"Novo SUV h\u00edbrido da Geely chega ao Brasil para abalar a concorr\u00eancia"},"content":{"rendered":"\n<p>O mercado automotivo brasileiro est\u00e1 prestes a ganhar um novo concorrente de peso com a chegada do Geely EX5 EM-i. O modelo h\u00edbrido plug-in marca uma nova fase da montadora chinesa no pa\u00eds e promete disputar espa\u00e7o diretamente com SUVs eletrificados j\u00e1 consolidados. A novidade chega com foco em tecnologia, efici\u00eancia e desempenho.<\/p>\n\n\n\n<p>Um dos grandes destaques do SUV \u00e9 o conjunto mec\u00e2nico. O modelo combina um motor 1.5 a combust\u00e3o com um propulsor el\u00e9trico, podendo alcan\u00e7ar cerca de 259 cv de pot\u00eancia combinada. Al\u00e9m disso, o sistema h\u00edbrido plug-in permite rodar no modo totalmente el\u00e9trico por dist\u00e2ncias significativas, o que \u00e9 ideal para o uso urbano e ajuda a reduzir o consumo de combust\u00edvel.<\/p>\n\n\n\n<p>Outro ponto que chama aten\u00e7\u00e3o \u00e9 a autonomia. Em alguns mercados, o modelo promete alcan\u00e7ar at\u00e9 1.400 km combinados, somando motor el\u00e9trico e a combust\u00e3o. Esse n\u00famero coloca o SUV entre os mais eficientes da categoria, sendo um forte argumento para competir com modelos como BYD Song Plus e GWM Haval H6.<\/p>\n\n\n\n<p>A chegada ao Brasil tamb\u00e9m envolve produ\u00e7\u00e3o nacional, com fabrica\u00e7\u00e3o prevista para acontecer no Paran\u00e1 a partir do segundo semestre de 2026. Inicialmente importado, o modelo deve ganhar for\u00e7a no mercado com pre\u00e7os mais competitivos ao longo do tempo, refor\u00e7ando a estrat\u00e9gia da Geely de se consolidar no pa\u00eds.<\/p>\n\n\n\n<h2 class=\"wp-block-heading\">Tecnologia e efici\u00eancia colocam modelo como rival direto dos l\u00edderes<\/h2>\n\n\n\n<p>O novo SUV h\u00edbrido da Geely aposta em um pacote tecnol\u00f3gico avan\u00e7ado, com foco em conectividade, assist\u00eancia \u00e0 condu\u00e7\u00e3o e conforto. A proposta \u00e9 entregar uma experi\u00eancia pr\u00f3xima de ve\u00edculos premium, mas com pre\u00e7o mais acess\u00edvel dentro do segmento eletrificado.<\/p>\n\n\n\n<p>Com isso, o modelo chega ao Brasil em um momento de forte crescimento dos carros h\u00edbridos e el\u00e9tricos. A expectativa \u00e9 que o EX5 EM-i aumente ainda mais a competitividade do setor, oferecendo mais op\u00e7\u00f5es ao consumidor e pressionando rivais tradicionais a evolu\u00edrem em tecnologia e efici\u00eancia.<\/p>\n","protected":false},"excerpt":{"rendered":"<p>O mercado automotivo brasileiro est\u00e1 prestes a ganhar um novo concorrente de peso com a chegada do Geely EX5 EM-i. O modelo h\u00edbrido plug-in marca uma nova fase da montadora chinesa no pa\u00eds e promete disputar espa\u00e7o diretamente com SUVs eletrificados j\u00e1 consolidados. A novidade chega com foco em tecnologia, efici\u00eancia e desempenho. Um dos [&hellip;]<\/p>\n","protected":false},"author":4,"featured_media":23219,"comment_status":"open","ping_status":"open","sticky":false,"template":"","format":"standard","meta":{"jnews-multi-image_gallery":[],"jnews_single_post":{"format":"standard"},"jnews_primary_category":[],"jnews_social_meta":[],"jnews_post_split":[],"footnotes":""},"categories":[1],"tags":[],"class_list":["post-23217","post","type-post","status-publish","format-standard","has-post-thumbnail","hentry","category-uncategorized"],"_links":{"self":[{"href":"https:\/\/diariodepernambuco.audiencelabs.com.br\/wp-json\/wp\/v2\/posts\/23217","targetHints":{"allow":["GET"]}}],"collection":[{"href":"https:\/\/diariodepernambuco.audiencelabs.com.br\/wp-json\/wp\/v2\/posts"}],"about":[{"href":"https:\/\/diariodepernambuco.audiencelabs.com.br\/wp-json\/wp\/v2\/types\/post"}],"author":[{"embeddable":true,"href":"https:\/\/diariodepernambuco.audiencelabs.com.br\/wp-json\/wp\/v2\/users\/4"}],"replies":[{"embeddable":true,"href":"https:\/\/diariodepernambuco.audiencelabs.com.br\/wp-json\/wp\/v2\/comments?post=23217"}],"version-history":[{"count":2,"href":"https:\/\/diariodepernambuco.audiencelabs.com.br\/wp-json\/wp\/v2\/posts\/23217\/revisions"}],"predecessor-version":[{"id":23221,"href":"https:\/\/diariodepernambuco.audiencelabs.com.br\/wp-json\/wp\/v2\/posts\/23217\/revisions\/23221"}],"wp:featuredmedia":[{"embeddable":true,"href":"https:\/\/diariodepernambuco.audiencelabs.com.br\/wp-json\/wp\/v2\/media\/23219"}],"wp:attachment":[{"href":"https:\/\/diariodepernambuco.audiencelabs.com.br\/wp-json\/wp\/v2\/media?parent=23217"}],"wp:term":[{"taxonomy":"category","embeddable":true,"href":"https:\/\/diariodepernambuco.audiencelabs.com.br\/wp-json\/wp\/v2\/categories?post=23217"},{"taxonomy":"post_tag","embeddable":true,"href":"https:\/\/diariodepernambuco.audiencelabs.com.br\/wp-json\/wp\/v2\/tags?post=23217"}],"curies":[{"name":"wp","href":"https:\/\/api.w.org\/{rel}","templated":true}]}}