{"id":23226,"date":"2026-04-01T13:12:59","date_gmt":"2026-04-01T16:12:59","guid":{"rendered":"https:\/\/diariodepernambuco.audiencelabs.com.br\/?p=23226"},"modified":"2026-04-01T13:13:29","modified_gmt":"2026-04-01T16:13:29","slug":"carro-popular-mais-facil-de-manter-tem-economia-de-luxo-e-preco-barato","status":"publish","type":"post","link":"https:\/\/diariodepernambuco.audiencelabs.com.br\/carro-popular-mais-facil-de-manter-tem-economia-de-luxo-e-preco-barato\/","title":{"rendered":"Carro popular mais f\u00e1cil de manter tem economia de luxo e pre\u00e7o barato"},"content":{"rendered":"\n<p>No Brasil desde 1976, a fabricante italiana Fiat foi respons\u00e1vel pelo desenvolvimento de diversos modelos de ve\u00edculos que, mesmo ap\u00f3s anos, <strong>continuam se destacando entre o p\u00fablico nacional<\/strong> por conta de seus diversos atributos.<\/p>\n\n\n\n<p>Um deles \u00e9 o projeto 327, tamb\u00e9m conhecido<strong> como Uno Evo ou &#8220;Uno quadradinho&#8221;<\/strong>, que foi lan\u00e7ado como a segunda gera\u00e7\u00e3o do carro de maior sucesso da empresa em 2010.<\/p>\n\n\n\n<p>Apresentando um visual quadrado, mas com extremidades arredondadas, o carro, que contava com um estilo muito semelhante utilizado pelo Kia Soul alguns anos antes, se destacou no mercado em pouqu\u00edssimo tempo por<strong> unir conforto e custo-benef\u00edcio<\/strong>.<\/p>\n\n\n\n<p>Afinal, al\u00e9m de oferecer um espa\u00e7o interno consider\u00e1vel, mesmo sendo um modelo compacto, o Uno tamb\u00e9m <strong>conta com ampla disponibilidade de pe\u00e7as<\/strong> e, em geral, apresenta custos de manuten\u00e7\u00e3o mais acess\u00edveis.<\/p>\n\n\n\n<p>Al\u00e9m disso, por possibilitar que o motorista se posicione mais ao alto, garantindo, assim, uma visibilidade mais ampla e mais acessibilidade aos comandos, o carro tamb\u00e9m <strong>chama aten\u00e7\u00e3o pela ergonomia que proporciona<\/strong>.<\/p>\n\n\n\n<h2 class=\"wp-block-heading\">Defeitos \u00e0 vista: os principais problemas do carro da Fiat<\/h2>\n\n\n\n<p>Apesar de reunir variadas qualidades que o consolidam como um dos preferidos dos brasileiros, \u00e9 relevante lembrar que o Fiat Uno tamb\u00e9m pode apresentar uma s\u00e9rie de problemas que podem comprometer a experi\u00eancia dos propriet\u00e1rios, como:<\/p>\n\n\n\n<ul class=\"wp-block-list\">\n<li><strong>Ar-condicionado:<\/strong> o evaporador do ar-condicionado pode apresentar vazamentos que, muitas vezes, demandam um trabalho pesado para serem solucionados;<\/li>\n\n\n\n<li><strong>Alarme: <\/strong>pode ser acionado sem motivo aparente;<\/li>\n\n\n\n<li><strong>Ru\u00eddos:<\/strong> as buchas da bandeja de suspens\u00e3o costumam apresentar desgaste precoce, resultando em ru\u00eddos vindos da suspens\u00e3o. Al\u00e9m disso, o material de baixa qualidade empregado em muitas pe\u00e7as do carro tamb\u00e9m emitem barulhos que podem se tornar inc\u00f4modos;<\/li>\n\n\n\n<li><strong>Acabamento:<\/strong> de ma\u00e7anetas a acionadores de setas, diversos s\u00e3o os itens que podem se deteriorar com facilidade por conta da baixa qualidade do pl\u00e1stico utilizado em sua produ\u00e7\u00e3o.<\/li>\n<\/ul>\n","protected":false},"excerpt":{"rendered":"<p>No Brasil desde 1976, a fabricante italiana Fiat foi respons\u00e1vel pelo desenvolvimento de diversos modelos de ve\u00edculos que, mesmo ap\u00f3s anos, continuam se destacando entre o p\u00fablico nacional por conta de seus diversos atributos. Um deles \u00e9 o projeto 327, tamb\u00e9m conhecido como Uno Evo ou &#8220;Uno quadradinho&#8221;, que foi lan\u00e7ado como a segunda gera\u00e7\u00e3o [&hellip;]<\/p>\n","protected":false},"author":15,"featured_media":23227,"comment_status":"open","ping_status":"open","sticky":false,"template":"","format":"standard","meta":{"jnews-multi-image_gallery":[],"jnews_single_post":{"format":"standard"},"jnews_primary_category":[],"jnews_social_meta":[],"jnews_post_split":[],"footnotes":""},"categories":[1],"tags":[],"class_list":["post-23226","post","type-post","status-publish","format-standard","has-post-thumbnail","hentry","category-uncategorized"],"_links":{"self":[{"href":"https:\/\/diariodepernambuco.audiencelabs.com.br\/wp-json\/wp\/v2\/posts\/23226","targetHints":{"allow":["GET"]}}],"collection":[{"href":"https:\/\/diariodepernambuco.audiencelabs.com.br\/wp-json\/wp\/v2\/posts"}],"about":[{"href":"https:\/\/diariodepernambuco.audiencelabs.com.br\/wp-json\/wp\/v2\/types\/post"}],"author":[{"embeddable":true,"href":"https:\/\/diariodepernambuco.audiencelabs.com.br\/wp-json\/wp\/v2\/users\/15"}],"replies":[{"embeddable":true,"href":"https:\/\/diariodepernambuco.audiencelabs.com.br\/wp-json\/wp\/v2\/comments?post=23226"}],"version-history":[{"count":1,"href":"https:\/\/diariodepernambuco.audiencelabs.com.br\/wp-json\/wp\/v2\/posts\/23226\/revisions"}],"predecessor-version":[{"id":23233,"href":"https:\/\/diariodepernambuco.audiencelabs.com.br\/wp-json\/wp\/v2\/posts\/23226\/revisions\/23233"}],"wp:featuredmedia":[{"embeddable":true,"href":"https:\/\/diariodepernambuco.audiencelabs.com.br\/wp-json\/wp\/v2\/media\/23227"}],"wp:attachment":[{"href":"https:\/\/diariodepernambuco.audiencelabs.com.br\/wp-json\/wp\/v2\/media?parent=23226"}],"wp:term":[{"taxonomy":"category","embeddable":true,"href":"https:\/\/diariodepernambuco.audiencelabs.com.br\/wp-json\/wp\/v2\/categories?post=23226"},{"taxonomy":"post_tag","embeddable":true,"href":"https:\/\/diariodepernambuco.audiencelabs.com.br\/wp-json\/wp\/v2\/tags?post=23226"}],"curies":[{"name":"wp","href":"https:\/\/api.w.org\/{rel}","templated":true}]}}