{"id":23234,"date":"2026-04-01T13:41:27","date_gmt":"2026-04-01T16:41:27","guid":{"rendered":"https:\/\/diariodepernambuco.audiencelabs.com.br\/?p=23234"},"modified":"2026-04-01T13:44:27","modified_gmt":"2026-04-01T16:44:27","slug":"como-assistir-o-lancamento-da-missao-espacial-na-lua","status":"publish","type":"post","link":"https:\/\/diariodepernambuco.audiencelabs.com.br\/como-assistir-o-lancamento-da-missao-espacial-na-lua\/","title":{"rendered":"Como assistir o lan\u00e7amento da miss\u00e3o espacial na Lua"},"content":{"rendered":"\n<p>Mais do que uma simples quarta-feira, o dia 1\u00ba de abril ser\u00e1 lembrado como uma das datas mais importantes da hist\u00f3ria da humanidade, pois <strong>marcar\u00e1 o momento em que os seres humanos voltar\u00e3o a se aproximar da Lua <\/strong>ap\u00f3s mais de cinco d\u00e9cadas.<\/p>\n\n\n\n<p>Afinal, essa foi a data escolhida pela Administra\u00e7\u00e3o Nacional da Aeron\u00e1utica e Espa\u00e7o (NASA) para <strong>o lan\u00e7amento da miss\u00e3o\u00a0Artemis II<\/strong>, que decolar\u00e1 do Centro Espacial Kennedy, em Cabo Canaveral, na Fl\u00f3rida.<\/p>\n\n\n\n<p>Vale destacar que, al\u00e9m de se tratar do primeiro voo tripulado do atual ciclo de miss\u00f5es da ag\u00eancia, que tem como objetivo levar humanos novamente ao espa\u00e7o profundo, a miss\u00e3o tamb\u00e9m se destaca por <strong>ser a primeira a incluir um homem negro e uma mulher juntos<\/strong> em uma viagem com destino \u00e0 Lua.<\/p>\n\n\n\n<p>E o p\u00fablico interessado em astronomia ter\u00e1 a chance de vivenciar esse grande momento em tempo real, j\u00e1 que a NASA <strong>realizar\u00e1 uma transmiss\u00e3o ao vivo<\/strong> do lan\u00e7amento<a href=\"https:\/\/www.youtube.com\/watch?v=Tf_UjBMIzNo\" target=\"_blank\" rel=\"noreferrer noopener\"> por meio de seu canal oficial<\/a>.<\/p>\n\n\n\n<p>No Brasil, a cobertura<strong> ser\u00e1 iniciada a partir das 18h <\/strong>e permitir\u00e1 que os espectadores acompanhem cada etapa do lan\u00e7amento de forma minuciosa, uma vez que haver\u00e3o tradu\u00e7\u00f5es simult\u00e2neas e an\u00e1lises em tempo real para entender os principais aspectos da miss\u00e3o.<\/p>\n\n\n\n<h2 class=\"wp-block-heading\">Miss\u00e3o da NASA n\u00e3o pousar\u00e1 na Lua<\/h2>\n\n\n\n<p>\u00c9 importante ressaltar que a espa\u00e7onave Orion, que transportar\u00e1 os astronautas Reid Wiseman, Jeremy Hansen, Victor Glover e Christina Koch,<strong> n\u00e3o pousar\u00e1 na Lua<\/strong>, uma vez que esse n\u00e3o \u00e9 o objetivo central da miss\u00e3o Artemis II.<\/p>\n\n\n\n<p>A opera\u00e7\u00e3o servir\u00e1 principalmente para <strong>testar sistemas e tecnologias da nave<\/strong>, como suporte a vida e comunica\u00e7\u00e3o, verificando sua funcionalidade para viabilizar miss\u00f5es futuras.<\/p>\n\n\n\n<p>A expectativa \u00e9 de que a Orion complete com sucesso uma trajet\u00f3ria ao redor da Lua e, posteriormente, retorne \u00e0 Terra em seguran\u00e7a por volta da segunda semana de abril.<\/p>\n","protected":false},"excerpt":{"rendered":"<p>Mais do que uma simples quarta-feira, o dia 1\u00ba de abril ser\u00e1 lembrado como uma das datas mais importantes da hist\u00f3ria da humanidade, pois marcar\u00e1 o momento em que os seres humanos voltar\u00e3o a se aproximar da Lua ap\u00f3s mais de cinco d\u00e9cadas. Afinal, essa foi a data escolhida pela Administra\u00e7\u00e3o Nacional da Aeron\u00e1utica e [&hellip;]<\/p>\n","protected":false},"author":15,"featured_media":23235,"comment_status":"open","ping_status":"open","sticky":false,"template":"","format":"standard","meta":{"jnews-multi-image_gallery":[],"jnews_single_post":{"format":"standard"},"jnews_primary_category":[],"jnews_social_meta":[],"jnews_post_split":[],"footnotes":""},"categories":[1],"tags":[],"class_list":["post-23234","post","type-post","status-publish","format-standard","has-post-thumbnail","hentry","category-uncategorized"],"_links":{"self":[{"href":"https:\/\/diariodepernambuco.audiencelabs.com.br\/wp-json\/wp\/v2\/posts\/23234","targetHints":{"allow":["GET"]}}],"collection":[{"href":"https:\/\/diariodepernambuco.audiencelabs.com.br\/wp-json\/wp\/v2\/posts"}],"about":[{"href":"https:\/\/diariodepernambuco.audiencelabs.com.br\/wp-json\/wp\/v2\/types\/post"}],"author":[{"embeddable":true,"href":"https:\/\/diariodepernambuco.audiencelabs.com.br\/wp-json\/wp\/v2\/users\/15"}],"replies":[{"embeddable":true,"href":"https:\/\/diariodepernambuco.audiencelabs.com.br\/wp-json\/wp\/v2\/comments?post=23234"}],"version-history":[{"count":1,"href":"https:\/\/diariodepernambuco.audiencelabs.com.br\/wp-json\/wp\/v2\/posts\/23234\/revisions"}],"predecessor-version":[{"id":23243,"href":"https:\/\/diariodepernambuco.audiencelabs.com.br\/wp-json\/wp\/v2\/posts\/23234\/revisions\/23243"}],"wp:featuredmedia":[{"embeddable":true,"href":"https:\/\/diariodepernambuco.audiencelabs.com.br\/wp-json\/wp\/v2\/media\/23235"}],"wp:attachment":[{"href":"https:\/\/diariodepernambuco.audiencelabs.com.br\/wp-json\/wp\/v2\/media?parent=23234"}],"wp:term":[{"taxonomy":"category","embeddable":true,"href":"https:\/\/diariodepernambuco.audiencelabs.com.br\/wp-json\/wp\/v2\/categories?post=23234"},{"taxonomy":"post_tag","embeddable":true,"href":"https:\/\/diariodepernambuco.audiencelabs.com.br\/wp-json\/wp\/v2\/tags?post=23234"}],"curies":[{"name":"wp","href":"https:\/\/api.w.org\/{rel}","templated":true}]}}