{"id":23242,"date":"2026-04-02T08:55:00","date_gmt":"2026-04-02T11:55:00","guid":{"rendered":"https:\/\/diariodepernambuco.audiencelabs.com.br\/?p=23242"},"modified":"2026-04-01T14:23:42","modified_gmt":"2026-04-01T17:23:42","slug":"3-estados-brasileiros-vao-passar-por-mudanca-brusca-na-temperatura","status":"publish","type":"post","link":"https:\/\/diariodepernambuco.audiencelabs.com.br\/3-estados-brasileiros-vao-passar-por-mudanca-brusca-na-temperatura\/","title":{"rendered":"3 estados brasileiros v\u00e3o passar por mudan\u00e7a brusca na temperatura"},"content":{"rendered":"\n<p>O clima em alguns estados brasileiros pode passar por uma mudan\u00e7a ainda nesta semana. Estados como <strong>Amazonas, Par\u00e1 e Roraima<\/strong> est\u00e3o sob alerta para queda de temperatura e aumento das chuvas nos pr\u00f3ximos dias.<\/p>\n\n\n\n<p>De acordo com previs\u00f5es meteorol\u00f3gicas, h\u00e1 expectativa de ac\u00famulos de chuva acima de 100\u202fmm em pontos dessas \u00e1reas, com trechos podendo registrar at\u00e9 120\u202fmm em volumes isolados, principalmente em \u00e1reas mais ao norte do pa\u00eds, conforme informa\u00e7\u00f5es do site ND Mais.<\/p>\n\n\n\n<h2 class=\"wp-block-heading\">O que muda no tempo<\/h2>\n\n\n\n<p>Ainda de acordo com o ND Mais, entre o Centro-Oeste e o Sudeste, a previs\u00e3o \u00e9 de aumento das instabilidades, com possibilidade de tempestades isoladas \u00e0 medida que sistemas atmosf\u00e9ricos se deslocam pelo pa\u00eds.<\/p>\n\n\n\n<p>No Sul, o calor que marcou a primeira parte da semana d\u00e1 lugar a um cen\u00e1rio mais inst\u00e1vel, com chuva espalhada. J\u00e1 no Norte e em parte do Nordeste, o destaque fica para volumes maiores de chuva. Estados como Amazonas, Par\u00e1 e Roraima est\u00e3o na rota dos maiores acumulados da semana, com expectativa de chuva mais intensa e cont\u00ednua.<\/p>\n\n\n\n<p>Em algumas \u00e1reas o calor pode permanecer em boa parte do dia, principalmente porque as chuvas tendem a ser r\u00e1pidas e irregulares, sem alterar a sensa\u00e7\u00e3o t\u00e9rmica.<\/p>\n\n\n\n<h2 class=\"wp-block-heading\">Como isso afeta o dia a dia<\/h2>\n\n\n\n<p>A mudan\u00e7a pode impactar quem tem planos para o feriado da P\u00e1scoa. Os meteorologistas recomendam aten\u00e7\u00e3o \u00e0s previs\u00f5es, porque as chuvas intensas costumam vir acompanhadas de trovoadas e podem se espalhar rapidamente.<\/p>\n","protected":false},"excerpt":{"rendered":"<p>O clima em alguns estados brasileiros pode passar por uma mudan\u00e7a ainda nesta semana. Estados como Amazonas, Par\u00e1 e Roraima est\u00e3o sob alerta para queda de temperatura e aumento das chuvas nos pr\u00f3ximos dias. De acordo com previs\u00f5es meteorol\u00f3gicas, h\u00e1 expectativa de ac\u00famulos de chuva acima de 100\u202fmm em pontos dessas \u00e1reas, com trechos podendo [&hellip;]<\/p>\n","protected":false},"author":17,"featured_media":15838,"comment_status":"open","ping_status":"open","sticky":false,"template":"","format":"standard","meta":{"jnews-multi-image_gallery":[],"jnews_single_post":{"format":"standard"},"jnews_primary_category":[],"jnews_social_meta":[],"jnews_post_split":[],"footnotes":""},"categories":[1],"tags":[],"class_list":["post-23242","post","type-post","status-publish","format-standard","has-post-thumbnail","hentry","category-uncategorized"],"_links":{"self":[{"href":"https:\/\/diariodepernambuco.audiencelabs.com.br\/wp-json\/wp\/v2\/posts\/23242","targetHints":{"allow":["GET"]}}],"collection":[{"href":"https:\/\/diariodepernambuco.audiencelabs.com.br\/wp-json\/wp\/v2\/posts"}],"about":[{"href":"https:\/\/diariodepernambuco.audiencelabs.com.br\/wp-json\/wp\/v2\/types\/post"}],"author":[{"embeddable":true,"href":"https:\/\/diariodepernambuco.audiencelabs.com.br\/wp-json\/wp\/v2\/users\/17"}],"replies":[{"embeddable":true,"href":"https:\/\/diariodepernambuco.audiencelabs.com.br\/wp-json\/wp\/v2\/comments?post=23242"}],"version-history":[{"count":1,"href":"https:\/\/diariodepernambuco.audiencelabs.com.br\/wp-json\/wp\/v2\/posts\/23242\/revisions"}],"predecessor-version":[{"id":23255,"href":"https:\/\/diariodepernambuco.audiencelabs.com.br\/wp-json\/wp\/v2\/posts\/23242\/revisions\/23255"}],"wp:featuredmedia":[{"embeddable":true,"href":"https:\/\/diariodepernambuco.audiencelabs.com.br\/wp-json\/wp\/v2\/media\/15838"}],"wp:attachment":[{"href":"https:\/\/diariodepernambuco.audiencelabs.com.br\/wp-json\/wp\/v2\/media?parent=23242"}],"wp:term":[{"taxonomy":"category","embeddable":true,"href":"https:\/\/diariodepernambuco.audiencelabs.com.br\/wp-json\/wp\/v2\/categories?post=23242"},{"taxonomy":"post_tag","embeddable":true,"href":"https:\/\/diariodepernambuco.audiencelabs.com.br\/wp-json\/wp\/v2\/tags?post=23242"}],"curies":[{"name":"wp","href":"https:\/\/api.w.org\/{rel}","templated":true}]}}