{"id":23256,"date":"2026-04-02T19:15:00","date_gmt":"2026-04-02T22:15:00","guid":{"rendered":"https:\/\/diariodepernambuco.audiencelabs.com.br\/?p=23256"},"modified":"2026-04-01T15:08:50","modified_gmt":"2026-04-01T18:08:50","slug":"senado-surpreende-e-anuncia-guarda-compartilhada-apos-termino-de-relacionamento-para-pets","status":"publish","type":"post","link":"https:\/\/diariodepernambuco.audiencelabs.com.br\/senado-surpreende-e-anuncia-guarda-compartilhada-apos-termino-de-relacionamento-para-pets\/","title":{"rendered":"Senado surpreende e anuncia guarda compartilhada ap\u00f3s t\u00e9rmino de relacionamento para pets"},"content":{"rendered":"\n<p>O Senado aprovou uma proposta que permite a guarda compartilhada de animais de estima\u00e7\u00e3o em casos de separa\u00e7\u00e3o. A medida ainda depende de san\u00e7\u00e3o presidencial, mas j\u00e1 indica uma mudan\u00e7a importante na forma como a legisla\u00e7\u00e3o brasileira trata os pets em disputas familiares.<\/p>\n\n\n\n<h2 class=\"wp-block-heading\">Como funciona na pr\u00e1tica<\/h2>\n\n\n\n<p>Segundo informa\u00e7\u00f5es da Ag\u00eancia Senado, agora ex-casais poder\u00e3o dividir o tempo de conviv\u00eancia com o animal e, quando n\u00e3o houver acordo, a defini\u00e7\u00e3o ficar\u00e1 a cargo da Justi\u00e7a, que dever\u00e1 estabelecer uma divis\u00e3o equilibrada.<\/p>\n\n\n\n<p>Para isso, o juiz levar\u00e1 em conta crit\u00e9rios como disponibilidade de tempo, condi\u00e7\u00f5es de cuidado, ambiente adequado e capacidade de garantir o bem-estar do pet. A regra vale para animais que tenham convivido com ambos durante a maior parte da vida.<\/p>\n\n\n\n<p>A proposta tamb\u00e9m define como os custos devem ser repartidos. Despesas do dia a dia, como alimenta\u00e7\u00e3o e higiene, ficam com quem estiver com o animal no per\u00edodo. J\u00e1 gastos maiores, como consultas veterin\u00e1rias, exames e medicamentos, dever\u00e3o ser divididos entre as partes.<\/p>\n\n\n\n<h2 class=\"wp-block-heading\">Situa\u00e7\u00f5es em que a regra n\u00e3o se aplica<\/h2>\n\n\n\n<p>A guarda compartilhada n\u00e3o ser\u00e1 permitida em casos que envolvam viol\u00eancia dom\u00e9stica ou maus-tratos ao animal. Nessas situa\u00e7\u00f5es, a posse ficar\u00e1 com a outra parte, sem direito a compensa\u00e7\u00e3o para quem tiver cometido a viol\u00eancia. Al\u00e9m disso, o descumprimento repetido das regras estabelecidas poder\u00e1 levar \u00e0 perda da guarda.<\/p>\n","protected":false},"excerpt":{"rendered":"<p>O Senado aprovou uma proposta que permite a guarda compartilhada de animais de estima\u00e7\u00e3o em casos de separa\u00e7\u00e3o. A medida ainda depende de san\u00e7\u00e3o presidencial, mas j\u00e1 indica uma mudan\u00e7a importante na forma como a legisla\u00e7\u00e3o brasileira trata os pets em disputas familiares. Como funciona na pr\u00e1tica Segundo informa\u00e7\u00f5es da Ag\u00eancia Senado, agora ex-casais poder\u00e3o [&hellip;]<\/p>\n","protected":false},"author":17,"featured_media":23258,"comment_status":"open","ping_status":"open","sticky":false,"template":"","format":"standard","meta":{"jnews-multi-image_gallery":[],"jnews_single_post":{"format":"standard"},"jnews_primary_category":[],"jnews_social_meta":[],"jnews_post_split":[],"footnotes":""},"categories":[1],"tags":[],"class_list":["post-23256","post","type-post","status-publish","format-standard","has-post-thumbnail","hentry","category-uncategorized"],"_links":{"self":[{"href":"https:\/\/diariodepernambuco.audiencelabs.com.br\/wp-json\/wp\/v2\/posts\/23256","targetHints":{"allow":["GET"]}}],"collection":[{"href":"https:\/\/diariodepernambuco.audiencelabs.com.br\/wp-json\/wp\/v2\/posts"}],"about":[{"href":"https:\/\/diariodepernambuco.audiencelabs.com.br\/wp-json\/wp\/v2\/types\/post"}],"author":[{"embeddable":true,"href":"https:\/\/diariodepernambuco.audiencelabs.com.br\/wp-json\/wp\/v2\/users\/17"}],"replies":[{"embeddable":true,"href":"https:\/\/diariodepernambuco.audiencelabs.com.br\/wp-json\/wp\/v2\/comments?post=23256"}],"version-history":[{"count":1,"href":"https:\/\/diariodepernambuco.audiencelabs.com.br\/wp-json\/wp\/v2\/posts\/23256\/revisions"}],"predecessor-version":[{"id":23259,"href":"https:\/\/diariodepernambuco.audiencelabs.com.br\/wp-json\/wp\/v2\/posts\/23256\/revisions\/23259"}],"wp:featuredmedia":[{"embeddable":true,"href":"https:\/\/diariodepernambuco.audiencelabs.com.br\/wp-json\/wp\/v2\/media\/23258"}],"wp:attachment":[{"href":"https:\/\/diariodepernambuco.audiencelabs.com.br\/wp-json\/wp\/v2\/media?parent=23256"}],"wp:term":[{"taxonomy":"category","embeddable":true,"href":"https:\/\/diariodepernambuco.audiencelabs.com.br\/wp-json\/wp\/v2\/categories?post=23256"},{"taxonomy":"post_tag","embeddable":true,"href":"https:\/\/diariodepernambuco.audiencelabs.com.br\/wp-json\/wp\/v2\/tags?post=23256"}],"curies":[{"name":"wp","href":"https:\/\/api.w.org\/{rel}","templated":true}]}}