{"id":23260,"date":"2026-04-02T20:15:00","date_gmt":"2026-04-02T23:15:00","guid":{"rendered":"https:\/\/diariodepernambuco.audiencelabs.com.br\/?p=23260"},"modified":"2026-04-01T15:31:01","modified_gmt":"2026-04-01T18:31:01","slug":"salario-minimo-subiu-mais-r-103-veja-o-valor-total","status":"publish","type":"post","link":"https:\/\/diariodepernambuco.audiencelabs.com.br\/salario-minimo-subiu-mais-r-103-veja-o-valor-total\/","title":{"rendered":"Sal\u00e1rio m\u00ednimo subiu mais R$ 103: veja o valor total"},"content":{"rendered":"\n<p>O sal\u00e1rio m\u00ednimo foi atualizado no in\u00edcio deste ano e passou a valer <strong>R$ 1.621<\/strong>. O novo valor representa um aumento de R$ 103 em compara\u00e7\u00e3o ao piso anterior, que era de R$ 1.518. Apesar de parecer uma mudan\u00e7a pequena, o reajuste tem efeitos amplos e atinge diretamente milh\u00f5es de pessoas.<\/p>\n\n\n\n<p>Antes da defini\u00e7\u00e3o oficial, estimativas indicavam que o valor poderia ultrapassar R$ 1.630. No entanto, mudan\u00e7as nos \u00edndices econ\u00f4micos ao longo do per\u00edodo de c\u00e1lculo levaram a um valor final menor.<\/p>\n\n\n\n<p>O m\u00ednimo nacional n\u00e3o serve apenas como base para sal\u00e1rios formais. Ele tamb\u00e9m influencia pagamentos como aposentadorias, pens\u00f5es e benef\u00edcios sociais. Por isso, qualquer altera\u00e7\u00e3o acaba impactando uma parcela grande da popula\u00e7\u00e3o.<\/p>\n\n\n\n<h2 class=\"wp-block-heading\">Entenda como o valor \u00e9 definido<\/h2>\n\n\n\n<p>O c\u00e1lculo do sal\u00e1rio m\u00ednimo considera alguns indicadores econ\u00f4micos importantes, entre eles est\u00e1 a infla\u00e7\u00e3o, que mede o aumento do custo de vida, e o desempenho da economia nos anos anteriores.<\/p>\n\n\n\n<p>Al\u00e9m disso, regras fiscais tamb\u00e9m entram na conta, limitando o crescimento dos gastos p\u00fablicos. O objetivo \u00e9 equilibrar o aumento da renda com a sa\u00fade financeira do pa\u00eds.<\/p>\n\n\n\n<h2 class=\"wp-block-heading\">Pr\u00f3ximos reajustes dependem da economia<\/h2>\n\n\n\n<p>A tend\u00eancia \u00e9 que o sal\u00e1rio m\u00ednimo continue sendo atualizado todos os anos. No entanto, o tamanho dos pr\u00f3ximos aumentos vai depender principalmente da infla\u00e7\u00e3o e do crescimento econ\u00f4mico.<\/p>\n","protected":false},"excerpt":{"rendered":"<p>O sal\u00e1rio m\u00ednimo foi atualizado no in\u00edcio deste ano e passou a valer R$ 1.621. O novo valor representa um aumento de R$ 103 em compara\u00e7\u00e3o ao piso anterior, que era de R$ 1.518. Apesar de parecer uma mudan\u00e7a pequena, o reajuste tem efeitos amplos e atinge diretamente milh\u00f5es de pessoas. Antes da defini\u00e7\u00e3o oficial, [&hellip;]<\/p>\n","protected":false},"author":17,"featured_media":23262,"comment_status":"open","ping_status":"open","sticky":false,"template":"","format":"standard","meta":{"jnews-multi-image_gallery":[],"jnews_single_post":{"format":"standard"},"jnews_primary_category":[],"jnews_social_meta":[],"jnews_post_split":[],"footnotes":""},"categories":[1],"tags":[],"class_list":["post-23260","post","type-post","status-publish","format-standard","has-post-thumbnail","hentry","category-uncategorized"],"_links":{"self":[{"href":"https:\/\/diariodepernambuco.audiencelabs.com.br\/wp-json\/wp\/v2\/posts\/23260","targetHints":{"allow":["GET"]}}],"collection":[{"href":"https:\/\/diariodepernambuco.audiencelabs.com.br\/wp-json\/wp\/v2\/posts"}],"about":[{"href":"https:\/\/diariodepernambuco.audiencelabs.com.br\/wp-json\/wp\/v2\/types\/post"}],"author":[{"embeddable":true,"href":"https:\/\/diariodepernambuco.audiencelabs.com.br\/wp-json\/wp\/v2\/users\/17"}],"replies":[{"embeddable":true,"href":"https:\/\/diariodepernambuco.audiencelabs.com.br\/wp-json\/wp\/v2\/comments?post=23260"}],"version-history":[{"count":1,"href":"https:\/\/diariodepernambuco.audiencelabs.com.br\/wp-json\/wp\/v2\/posts\/23260\/revisions"}],"predecessor-version":[{"id":23263,"href":"https:\/\/diariodepernambuco.audiencelabs.com.br\/wp-json\/wp\/v2\/posts\/23260\/revisions\/23263"}],"wp:featuredmedia":[{"embeddable":true,"href":"https:\/\/diariodepernambuco.audiencelabs.com.br\/wp-json\/wp\/v2\/media\/23262"}],"wp:attachment":[{"href":"https:\/\/diariodepernambuco.audiencelabs.com.br\/wp-json\/wp\/v2\/media?parent=23260"}],"wp:term":[{"taxonomy":"category","embeddable":true,"href":"https:\/\/diariodepernambuco.audiencelabs.com.br\/wp-json\/wp\/v2\/categories?post=23260"},{"taxonomy":"post_tag","embeddable":true,"href":"https:\/\/diariodepernambuco.audiencelabs.com.br\/wp-json\/wp\/v2\/tags?post=23260"}],"curies":[{"name":"wp","href":"https:\/\/api.w.org\/{rel}","templated":true}]}}