{"id":23276,"date":"2026-04-02T23:00:00","date_gmt":"2026-04-03T02:00:00","guid":{"rendered":"https:\/\/diariodepernambuco.audiencelabs.com.br\/?p=23276"},"modified":"2026-04-02T18:46:50","modified_gmt":"2026-04-02T21:46:50","slug":"a-psicologia-explica-por-que-sonhamos-e-qual-o-significado-de-acontecer-todos-os-dias","status":"publish","type":"post","link":"https:\/\/diariodepernambuco.audiencelabs.com.br\/a-psicologia-explica-por-que-sonhamos-e-qual-o-significado-de-acontecer-todos-os-dias\/","title":{"rendered":"A psicologia explica por que sonhamos e qual o significado de acontecer todos os dias"},"content":{"rendered":"\n<p>Ocorrendo principalmente durante a fase do sono conhecida como REM (<em>Rapid Eye Movement<\/em>), que \u00e9 o per\u00edodo em que a atividade cerebral atinge n\u00edveis elevados, <strong>os sonhos <\/strong>funcionam como uma esp\u00e9cie de simula\u00e7\u00e3o da realidade, na qual \u00e9 poss\u00edvel vivenciar experi\u00eancias mentais, visuais e emocionais.<\/p>\n\n\n\n<p>Sem regras ou limites espec\u00edficos, os sonhos podem<strong> retratar experi\u00eancias reais ou apresentar narrativas surreais<\/strong>, e geralmente refletem aspectos da psique e preocupa\u00e7\u00f5es conscientes ou inconscientes das pessoas.<\/p>\n\n\n\n<p>Para a neuroci\u00eancia, a atividade representa meramente um subproduto da atividade cerebral noturna, servindo principalmente para processar mem\u00f3rias e simular cen\u00e1rios. Por\u00e9m, na perspectiva psicol\u00f3gica, os <strong>sonhos possuem significados ainda mais profundos<\/strong>.<\/p>\n\n\n\n<p>Especialistas famosos, como Sigmund Freud, defenderam a teoria de que os sonhos servem como uma porta para o inconsciente, permitindo <strong>a express\u00e3o de desejos reprimidos, medos e emo\u00e7\u00f5es ocultas<\/strong>.<\/p>\n\n\n<style>@media (min-width: 992px) {\n    .recomendadorV2Area1 {\n        width: 280px;\n    }\n    .recomendadorV2Area2 {\n        padding: 0px 20px;\n        width: calc(100% - 280px);\n    }\n}\n\n@media (max-width: 992px) {\n    .recomendadorV2Button {\n        margin: 0 auto;\n    }\n    .recomendadorV2Area {\n        flex-direction: column;\n        text-align: center;\n    }\n    .recomendadorV2Area2 {\n        padding: 0px 20px;\n    }\n}\n\n.recomendadorV2Area {\n    background: #eeeeee3d;\n    border-radius: 10px;\n    padding: 15px;\n    display: flex;\n    margin: 15px auto;\n    border: 1px solid #00000014;\n    max-width: 800px;\n}\n\n.recomendadorV2Area1 img {\n    width: 280px;\n    height: auto;\n    border-radius: 8px;\n}\n\n.linkrecomendadorv2 {\n    text-decoration: none !important;\n}\n\n.recomendadorV2Area2 .recomendadorV2Type {\n    text-transform: uppercase;\n    font-weight: 500;\n    font-size: 11px;\n    letter-spacing: 2px;\n    color: #666;\n    margin: 12px 0;\n    display: block;\n}\n\n.recomendadorV2Title h2 {\n    padding-top: 0px !important;\n    margin: 0px !important;\n    border-left: none !important;\n    padding-left: 0px !important;\n    line-height: 1.3;\n    color: #000 !important;\n    font-size: 24px;\n    margin-bottom: 12px !important;\n}\n\n.recomendadorV2Desc {\n    color: #333;\n    margin: 12px 0px !important;\n    font-size: 15px;\n    line-height: 1.5;\n}\n\n.recomendadorV2Button {\n    width: auto;\n    max-width: 200px;\n    margin: 0;\n    display: inline-flex;\n    align-items: center;\n    background: #1D3557;\n    border-radius: 8px;\n    color: #fff;\n    height: 36px;\n    justify-content: center;\n    text-align: center;\n    font-size: 14px;\n    padding: 0 20px;\n    transition: background-color 0.2s ease;\n}\n\n.recomendadorV2Button:hover {\n    background: #2a4d7a;\n}\n\n.recomendadorV2Button:after {\n    margin-top: -2px;\n    content: \"\u2192\";\n    padding: 0px 0px 0px 8px;\n}\n\n.recomendadorV2Alert {\n    text-align: left;\n    font-size: 11px;\n    margin-top: 8px;\n    color: #666;\n}\n\n.recomendadorFixedArea {\n    width: 100%;\n    display: flex;\n    justify-content: center;\n    align-items: center;\n}\n\n@media (min-width: 992px) {\n    #recomendadorFixed {\n        width: 32% !important;\n        left: 5%;\n    }\n    .recomendadorCloseFixed{\n        right: inherit !important;\n        left: 378px !important;\n    }\n}\n\n#recomendadorFixed {\n    width: 90%;\n    box-shadow: 0 10px 20px 0px #00000057;\n    display: none;\n    height: 90px;\n    background: #F6F6F6;\n    position: fixed;\n    flex-direction: row;\n    bottom: 10px;\n    z-index: 9999;\n    border-radius: 16px;\n    padding: 7px 10px;\n}\n\n.recomendadorLeftArea {\n    width: 160px;\n}\n\n.recomendadorRightArea h2 {\n    padding-top: 0px;\n    margin: 2px 0px 4px 0px !important;\n    font-weight: 400;\n    text-align: center;\n    padding-left: 0px !important;\n    color: #000 !important;\n    border-left: none !important;\n    line-height: 20px;\n    font-size: 12px !important;\n}\n\n.recomendadorImgFixed {\n    overflow: hidden;\n    padding: 8px 6px;\n    height: 100%;\n}\n\n.recomendadorImgFixed img {\n    height: 100% !important;\n    border-radius: 16px;\n}\n\n.recomendadorRightArea {\n    padding-top: 6px;\n    display: flex;\n    width: calc(100% - 130px);\n    justify-content: space-between;\n    align-items: center;\n    flex-direction: column;\n}\n\n.recomendadorButtonFixed {\n    margin: 0 auto;\n    background: #1D3557;\n    width: 80%;\n    text-align: center;\n    font-size: 10px;\n    color: #FFF;\n    padding: 2px 10px;\n    border-radius: 3px;\n}\n\n.recomendadorButtonFixed:after {\n    margin-top: -3px;\n    content: \"\u2192\";\n    padding: 0px 0px 0px 10px;\n}\n\n.recomendadorAlertFixed {\n    font-weight: 400;\n    text-align: center;\n    color: #484848;\n    font-size: 8px;\n}\n\n.recomendadorCloseFixed {\n    z-index: 99999;\n    display: none;\n    right: 0px;\n    left: inherit;\n    bottom: 99px;\n    position: fixed;\n    justify-content: center;\n    background: #F6F6F6;\n    width: 25px;\n    align-items: center;\n    height: 25px;\n    font-weight: 800;\n    border-radius: 50%;\n    border: 1px solid #EBEBEB;\n}\n\n.recomendadorV2Desc{\n    color: #000000;\n    margin: 20px 0px;\n}\n\n@media (max-width: 576px) {\n    .recomendadorV2Area {\n      padding: 10px;\n      max-width: 100%;\n    }\n  \n    .recomendadorV2Area1 img {\n      width: 100%;\n      border-radius: 6px;\n    }\n  \n    .recomendadorV2Area2 .recomendadorV2Type {\n      font-size: 9px;\n      letter-spacing: 1px;\n      margin: 8px 0;\n    }\n  \n    .recomendadorV2Title h2 {\n      font-size: 18px !important;\n      margin-bottom: 8px !important;\n      line-height: 1.2;\n    }\n  \n    .recomendadorV2Desc {\n      font-size: 14px;\n      margin: 8px 0 !important;\n      line-height: 1.4;\n    }\n  \n    .recomendadorV2Button {\n      font-size: 12px;\n      height: 30px;\n      padding: 0 12px;\n      max-width: 160px;\n    }\n  \n    .recomendadorV2Button:after {\n      padding-left: 6px;\n    }\n  }\n  <\/style>\n        <div class=\"lazyblock-recomendador-v2-2jDGz wp-block-lazyblock-recomendador-v2\">\n        <a class=\"linkrecomendadorv2\" href=\"https:\/\/diariodepernambuco.com.br\/dpmais\/cowboy-ex-integrante-do-bbb-teve-morte-confirmada-e-chocou-o-pais-ha-alguns-anos\/?utm_source=lazy\" target=\"_blank\" rel=\"noopener\">\n            <div class=\"recomendadorV2Area\">\n            <div class=\"recomendadorV2Area1\">\n                <div class=\"recomendadorV2Img\">\n                <img class=\"lazyloaded\" decoding=\"async\" src=\"https:\/\/diariodepernambuco.com.br\/dpmais\/wp-content\/uploads\/2026\/04\/cowboy-ex-integrante-do-bbb-teve-morte-confirmada-e-chocou-o-pais-ha-alguns-anos-1140x570.jpg\" data-src=\"https:\/\/diariodepernambuco.com.br\/dpmais\/wp-content\/uploads\/2026\/04\/cowboy-ex-integrante-do-bbb-teve-morte-confirmada-e-chocou-o-pais-ha-alguns-anos-1140x570.jpg\" alt=\"\">\n                <\/div>\n            <\/div>\n            <div class=\"recomendadorV2Area2\">\n                <div class=\"recomendadorV2Type\">\n                    <span>Cowboy BBB<\/span>\n                <\/div>\n                <div class=\"recomendadorV2Title\">\n                <h2><span>Trag\u00e9dia \ud83d\ude22<\/span><\/h2>\n                <\/div>\n                <div class=\"recomendadorV2Desc\">\n                <span>Morte de ex-BBB chocou pa\u00eds<\/span>\n                <\/div>\n                <div class=\"recomendadorV2Button\">Relembre o caso<\/div>\n                <div class=\"recomendadorV2Alert\"><\/div>\n            <\/div>\n            <\/div>\n        <\/a>\n        <div>\n            <div style=\"z-index:99999;\" id=\"buttonClose\" onclick=\"closeRecomendadorFixed()\">\n            <div class=\"recomendadorCloseFixed\">X<\/div>\n            <\/div>\n            <a href=\"https:\/\/diariodepernambuco.com.br\/dpmais\/cowboy-ex-integrante-do-bbb-teve-morte-confirmada-e-chocou-o-pais-ha-alguns-anos\/?utm_source=lazy\" target=\"_blank\" rel=\"noopener\">\n            <div class=\"recomendadorFixedArea\">\n                <div id=\"recomendadorFixed\">\n                <div class=\"recomendadorLeftArea\">\n                    <div class=\"recomendadorImgFixed\">\n                    <img class=\"lazyload\" decoding=\"async\" src=\"https:\/\/diariodepernambuco.com.br\/dpmais\/wp-content\/uploads\/2026\/04\/cowboy-ex-integrante-do-bbb-teve-morte-confirmada-e-chocou-o-pais-ha-alguns-anos-1140x570.jpg\" alt=\"\">\n                    <\/div>\n                <\/div>\n                <div class=\"recomendadorRightArea\">\n                    <div class=\"recomendadorTitleFixed\">\n                    <h2><span>Trag\u00e9dia \ud83d\ude22<\/span><\/h2>\n                    <\/div>\n                    <div class=\"recomendadorButtonFixed\">Relembre o caso<\/div>\n                    <div class=\"recomendadorAlertFixed\"><\/div>\n                <\/div>\n                <\/div>\n            <\/div>\n            <\/a>\n        <\/div>\n        <\/div>\n\n\n\n<p>Como a frequ\u00eancia dos sonhos n\u00e3o pode ser controlada, a ocorr\u00eancia di\u00e1ria n\u00e3o \u00e9 comum. Nesse contexto, a psicologia ainda aponta que o fen\u00f4meno pode indicar <strong>tanto o processamento de emo\u00e7\u00f5es intensas quanto a necessidade de reflex\u00e3o sobre preocupa\u00e7\u00f5es<\/strong>.<\/p>\n\n\n\n<h2 class=\"wp-block-heading\">Os sonhos mais comuns, segundo a psicologia<\/h2>\n\n\n\n<p>Mesmo sendo experi\u00eancias individuais, vivenciadas no inconsciente de cada pessoa, a psicologia <strong>a recorr\u00eancia de certos tipos de sonhos<\/strong>, com temas comuns, relatados por diferentes indiv\u00edduos. Entre os mais frequentes, est\u00e3o:<\/p>\n\n\n\n<ul class=\"wp-block-list\">\n<li><strong>Queda livre:<\/strong> geralmente associado \u00e0 perda de controle ou instabilidade;<\/li>\n\n\n\n<li><strong>Dentes caindo:<\/strong> pode indicar inseguran\u00e7a na comunica\u00e7\u00e3o ou apar\u00eancia ou medo de perder algo importante;<\/li>\n\n\n\n<li><strong>Ser perseguido:<\/strong> simboliza medo, fuga de responsabilidades ou evita\u00e7\u00e3o de conflitos;<\/li>\n\n\n\n<li><strong>Ve\u00edculo desgovernado:<\/strong> representa a sensa\u00e7\u00e3o de que algum aspecto da vida est\u00e1 fora de controle;<\/li>\n\n\n\n<li><strong>Voar: <\/strong>costuma simbolizar o desejo de liberdade ou supera\u00e7\u00e3o de obst\u00e1culos;<\/li>\n\n\n\n<li><strong>Escola ou trabalho: <\/strong>normalmente est\u00e1 associado \u00e0 carga de estresse relacionada \u00e0 vida escolar ou profissional;<\/li>\n\n\n\n<li><strong>Nudez em p\u00fablico:<\/strong> representa sentimentos de vulnerabilidade, vergonha ou medo de ser exposto e julgado pelos outros.<\/li>\n<\/ul>\n","protected":false},"excerpt":{"rendered":"<p>Ocorrendo principalmente durante a fase do sono conhecida como REM (Rapid Eye Movement), que \u00e9 o per\u00edodo em que a atividade cerebral atinge n\u00edveis elevados, os sonhos funcionam como uma esp\u00e9cie de simula\u00e7\u00e3o da realidade, na qual \u00e9 poss\u00edvel vivenciar experi\u00eancias mentais, visuais e emocionais. Sem regras ou limites espec\u00edficos, os sonhos podem retratar experi\u00eancias [&hellip;]<\/p>\n","protected":false},"author":15,"featured_media":23277,"comment_status":"open","ping_status":"open","sticky":false,"template":"","format":"standard","meta":{"jnews-multi-image_gallery":[],"jnews_single_post":{"format":"standard"},"jnews_primary_category":[],"jnews_social_meta":[],"jnews_post_split":[],"footnotes":""},"categories":[1],"tags":[],"class_list":["post-23276","post","type-post","status-publish","format-standard","has-post-thumbnail","hentry","category-uncategorized"],"_links":{"self":[{"href":"https:\/\/diariodepernambuco.audiencelabs.com.br\/wp-json\/wp\/v2\/posts\/23276","targetHints":{"allow":["GET"]}}],"collection":[{"href":"https:\/\/diariodepernambuco.audiencelabs.com.br\/wp-json\/wp\/v2\/posts"}],"about":[{"href":"https:\/\/diariodepernambuco.audiencelabs.com.br\/wp-json\/wp\/v2\/types\/post"}],"author":[{"embeddable":true,"href":"https:\/\/diariodepernambuco.audiencelabs.com.br\/wp-json\/wp\/v2\/users\/15"}],"replies":[{"embeddable":true,"href":"https:\/\/diariodepernambuco.audiencelabs.com.br\/wp-json\/wp\/v2\/comments?post=23276"}],"version-history":[{"count":3,"href":"https:\/\/diariodepernambuco.audiencelabs.com.br\/wp-json\/wp\/v2\/posts\/23276\/revisions"}],"predecessor-version":[{"id":23473,"href":"https:\/\/diariodepernambuco.audiencelabs.com.br\/wp-json\/wp\/v2\/posts\/23276\/revisions\/23473"}],"wp:featuredmedia":[{"embeddable":true,"href":"https:\/\/diariodepernambuco.audiencelabs.com.br\/wp-json\/wp\/v2\/media\/23277"}],"wp:attachment":[{"href":"https:\/\/diariodepernambuco.audiencelabs.com.br\/wp-json\/wp\/v2\/media?parent=23276"}],"wp:term":[{"taxonomy":"category","embeddable":true,"href":"https:\/\/diariodepernambuco.audiencelabs.com.br\/wp-json\/wp\/v2\/categories?post=23276"},{"taxonomy":"post_tag","embeddable":true,"href":"https:\/\/diariodepernambuco.audiencelabs.com.br\/wp-json\/wp\/v2\/tags?post=23276"}],"curies":[{"name":"wp","href":"https:\/\/api.w.org\/{rel}","templated":true}]}}