{"id":23279,"date":"2026-04-02T21:07:00","date_gmt":"2026-04-03T00:07:00","guid":{"rendered":"https:\/\/diariodepernambuco.audiencelabs.com.br\/?p=23279"},"modified":"2026-04-01T17:14:47","modified_gmt":"2026-04-01T20:14:47","slug":"petrobras-pode-fazer-mudanca-historica-na-producao-de-diesel-no-brasil","status":"publish","type":"post","link":"https:\/\/diariodepernambuco.audiencelabs.com.br\/petrobras-pode-fazer-mudanca-historica-na-producao-de-diesel-no-brasil\/","title":{"rendered":"Petrobras pode fazer mudan\u00e7a hist\u00f3rica na produ\u00e7\u00e3o de diesel no Brasil"},"content":{"rendered":"\n<p>Apesar de ser um grande produtor de petr\u00f3leo, o Brasil<strong> n\u00e3o possui capacidade de refino suficiente<\/strong> para atender \u00e0 demanda interna de \u00f3leo diesel. Por conta disso, atualmente, cerca de 25% a 30% do combust\u00edvel consumido no pa\u00eds \u00e9 importado.<\/p>\n\n\n\n<p>Contudo, a recente crise no mercado mundial de petr\u00f3leo, motivada principalmente pelos desdobramentos da guerra no Ir\u00e3, incentivou a Petrobras a dar um passo adiante e <strong>ampliar a produ\u00e7\u00e3o de diesel no Brasil<\/strong>.<\/p>\n\n\n\n<p>A possibilidade <strong>foi confirmada pela atual presidente da empresa, Magda Chambriand<\/strong>, durante um evento organizado pela <em>CNN Talks<\/em> em S\u00e3o Paulo, nesta quarta-feira (1). Segundo ela, a expectativa \u00e9 de que o plano se concretize dentro dos pr\u00f3ximos cinco anos.<\/p>\n\n\n\n<p>Isso porque a iniciativa pode integrar o pr\u00f3ximo plano de neg\u00f3cios da Petrobras. De acordo com Magda, avalia\u00e7\u00f5es de capacidade j\u00e1 est\u00e3o sendo conduzidas, e <strong>discuss\u00f5es sobre o tema ser\u00e3o iniciadas a partir do m\u00eas de maio<\/strong>.<\/p>\n\n\n\n<p>A executiva refor\u00e7ou que o aumento na produ\u00e7\u00e3o nacional de diesel <strong>ser\u00e1 ben\u00e9fica tanto para o consumidor quanto para os acionistas<\/strong>, pois al\u00e9m de blindar os pre\u00e7os contra volatilidades externas, a medida ainda fortalecer\u00e1 o mercado interno.<\/p>\n\n\n\n<h2 class=\"wp-block-heading\">Presidente da Petrobras comenta sobre planos de expans\u00e3o<\/h2>\n\n\n\n<p>Ainda durante sua participa\u00e7\u00e3o no evento da <em>CNN Talks<\/em>, Magda foi questionada sobre <strong>a possibilidade de adquirir plantas privadas <\/strong>para que a demanda nacional de diesel possa ser devidamente atendida.<\/p>\n\n\n\n<p>A executiva n\u00e3o confirmou se a estrat\u00e9gia integra os planos da Petrobras, mas afirmou que <strong>a empresa est\u00e1 aberta a aceitar propostas ben\u00e9ficas<\/strong>. Al\u00e9m disso, ela tamb\u00e9m refor\u00e7ou que, a princ\u00edpio, o plano de expans\u00e3o consistir\u00e1 na a amplia\u00e7\u00e3o da capacidade de processamento das pr\u00f3prias refinarias da estatal.<\/p>\n\n\n\n<p>Vale lembrar que refinarias privadas, como a Acelen, na Bahia, e a Ream, no Amazonas, exercem papel relevante no \u00e2mbito da produ\u00e7\u00e3o de diesel no pa\u00eds e, embora operem de forma independente da Petrobras, contribuem para complementar a produ\u00e7\u00e3o da estatal.<\/p>\n","protected":false},"excerpt":{"rendered":"<p>Apesar de ser um grande produtor de petr\u00f3leo, o Brasil n\u00e3o possui capacidade de refino suficiente para atender \u00e0 demanda interna de \u00f3leo diesel. Por conta disso, atualmente, cerca de 25% a 30% do combust\u00edvel consumido no pa\u00eds \u00e9 importado. Contudo, a recente crise no mercado mundial de petr\u00f3leo, motivada principalmente pelos desdobramentos da guerra [&hellip;]<\/p>\n","protected":false},"author":15,"featured_media":23280,"comment_status":"open","ping_status":"open","sticky":false,"template":"","format":"standard","meta":{"jnews-multi-image_gallery":[],"jnews_single_post":{"format":"standard"},"jnews_primary_category":[],"jnews_social_meta":[],"jnews_post_split":[],"footnotes":""},"categories":[1],"tags":[],"class_list":["post-23279","post","type-post","status-publish","format-standard","has-post-thumbnail","hentry","category-uncategorized"],"_links":{"self":[{"href":"https:\/\/diariodepernambuco.audiencelabs.com.br\/wp-json\/wp\/v2\/posts\/23279","targetHints":{"allow":["GET"]}}],"collection":[{"href":"https:\/\/diariodepernambuco.audiencelabs.com.br\/wp-json\/wp\/v2\/posts"}],"about":[{"href":"https:\/\/diariodepernambuco.audiencelabs.com.br\/wp-json\/wp\/v2\/types\/post"}],"author":[{"embeddable":true,"href":"https:\/\/diariodepernambuco.audiencelabs.com.br\/wp-json\/wp\/v2\/users\/15"}],"replies":[{"embeddable":true,"href":"https:\/\/diariodepernambuco.audiencelabs.com.br\/wp-json\/wp\/v2\/comments?post=23279"}],"version-history":[{"count":1,"href":"https:\/\/diariodepernambuco.audiencelabs.com.br\/wp-json\/wp\/v2\/posts\/23279\/revisions"}],"predecessor-version":[{"id":23282,"href":"https:\/\/diariodepernambuco.audiencelabs.com.br\/wp-json\/wp\/v2\/posts\/23279\/revisions\/23282"}],"wp:featuredmedia":[{"embeddable":true,"href":"https:\/\/diariodepernambuco.audiencelabs.com.br\/wp-json\/wp\/v2\/media\/23280"}],"wp:attachment":[{"href":"https:\/\/diariodepernambuco.audiencelabs.com.br\/wp-json\/wp\/v2\/media?parent=23279"}],"wp:term":[{"taxonomy":"category","embeddable":true,"href":"https:\/\/diariodepernambuco.audiencelabs.com.br\/wp-json\/wp\/v2\/categories?post=23279"},{"taxonomy":"post_tag","embeddable":true,"href":"https:\/\/diariodepernambuco.audiencelabs.com.br\/wp-json\/wp\/v2\/tags?post=23279"}],"curies":[{"name":"wp","href":"https:\/\/api.w.org\/{rel}","templated":true}]}}