{"id":23294,"date":"2026-04-04T22:59:00","date_gmt":"2026-04-05T01:59:00","guid":{"rendered":"https:\/\/diariodepernambuco.audiencelabs.com.br\/?p=23294"},"modified":"2026-04-01T18:50:58","modified_gmt":"2026-04-01T21:50:58","slug":"jogo-do-brasil-na-copa-do-mundo-foi-alterado","status":"publish","type":"post","link":"https:\/\/diariodepernambuco.audiencelabs.com.br\/jogo-do-brasil-na-copa-do-mundo-foi-alterado\/","title":{"rendered":"Jogo do Brasil na Copa do Mundo foi alterado"},"content":{"rendered":"\n<p>A Fifa confirmou mudan\u00e7as na programa\u00e7\u00e3o da fase de grupos da Copa do Mundo, afetando o confronto entre Brasil e Haiti. A partida, que estava prevista para iniciar \u00e0s 22h, agora ser\u00e1 \u00e0s 21h30 (hor\u00e1rio de Bras\u00edlia) do dia 19 de junho, na Filad\u00e9lfia, nos Estados Unidos.<\/p>\n\n\n\n<h2 class=\"wp-block-heading\">\u00daltimos classificados confirmados<\/h2>\n\n\n\n<p>A altera\u00e7\u00e3o no hor\u00e1rio acontece ap\u00f3s as repescagens definirem os \u00faltimos pa\u00edses que estar\u00e3o no Mundial. Se classificaram Turquia, Su\u00e9cia, Rep\u00fablica Tcheca, B\u00f3snia e Herzegovina, Rep\u00fablica Democr\u00e1tica do Congo e Iraque. As sele\u00e7\u00f5es s\u00e3o dividas em 12 grupos de quatro times cada.<\/p>\n\n\n\n<h2 class=\"wp-block-heading\">Copa do Mundo hist\u00f3rica em tr\u00eas pa\u00edses<\/h2>\n\n\n\n<p>A competi\u00e7\u00e3o, com in\u00edcio previsto 11 de junho, com partida entre M\u00e9xico e \u00c1frica do Sul, ser\u00e1 realizada simultaneamente em tr\u00eas pa\u00edses: Estados Unidos, Canad\u00e1 e M\u00e9xico. Al\u00e9m da novidade dos tr\u00eas pa\u00edses-sede, ser\u00e1 a primeira vez que 48 sele\u00e7\u00f5es participam. A final dessa Copa, que promete ser hist\u00f3rica, est\u00e1 marcada para 19 de julho, nos Estados Unidos.<\/p>\n\n\n\n<h2 class=\"wp-block-heading\">Agenda do Brasil na fase de grupos<\/h2>\n\n\n\n<ul class=\"wp-block-list\">\n<li><strong>Brasil x Marrocos<\/strong> &#8211; 13 de junho \u00e0s 19h<\/li>\n\n\n\n<li><strong>Brasil x Haiti<\/strong> &#8211; 19 de junho \u00e0s 21h30<\/li>\n\n\n\n<li><strong>Esc\u00f3cia x Brasil<\/strong> &#8211; 24 de junho \u00e0s 19h<\/li>\n<\/ul>\n","protected":false},"excerpt":{"rendered":"<p>A Fifa confirmou mudan\u00e7as na programa\u00e7\u00e3o da fase de grupos da Copa do Mundo, afetando o confronto entre Brasil e Haiti. A partida, que estava prevista para iniciar \u00e0s 22h, agora ser\u00e1 \u00e0s 21h30 (hor\u00e1rio de Bras\u00edlia) do dia 19 de junho, na Filad\u00e9lfia, nos Estados Unidos. \u00daltimos classificados confirmados A altera\u00e7\u00e3o no hor\u00e1rio acontece [&hellip;]<\/p>\n","protected":false},"author":17,"featured_media":17636,"comment_status":"open","ping_status":"open","sticky":false,"template":"","format":"standard","meta":{"jnews-multi-image_gallery":[],"jnews_single_post":{"format":"standard"},"jnews_primary_category":[],"jnews_social_meta":[],"jnews_post_split":[],"footnotes":""},"categories":[1],"tags":[],"class_list":["post-23294","post","type-post","status-publish","format-standard","has-post-thumbnail","hentry","category-uncategorized"],"_links":{"self":[{"href":"https:\/\/diariodepernambuco.audiencelabs.com.br\/wp-json\/wp\/v2\/posts\/23294","targetHints":{"allow":["GET"]}}],"collection":[{"href":"https:\/\/diariodepernambuco.audiencelabs.com.br\/wp-json\/wp\/v2\/posts"}],"about":[{"href":"https:\/\/diariodepernambuco.audiencelabs.com.br\/wp-json\/wp\/v2\/types\/post"}],"author":[{"embeddable":true,"href":"https:\/\/diariodepernambuco.audiencelabs.com.br\/wp-json\/wp\/v2\/users\/17"}],"replies":[{"embeddable":true,"href":"https:\/\/diariodepernambuco.audiencelabs.com.br\/wp-json\/wp\/v2\/comments?post=23294"}],"version-history":[{"count":2,"href":"https:\/\/diariodepernambuco.audiencelabs.com.br\/wp-json\/wp\/v2\/posts\/23294\/revisions"}],"predecessor-version":[{"id":23298,"href":"https:\/\/diariodepernambuco.audiencelabs.com.br\/wp-json\/wp\/v2\/posts\/23294\/revisions\/23298"}],"wp:featuredmedia":[{"embeddable":true,"href":"https:\/\/diariodepernambuco.audiencelabs.com.br\/wp-json\/wp\/v2\/media\/17636"}],"wp:attachment":[{"href":"https:\/\/diariodepernambuco.audiencelabs.com.br\/wp-json\/wp\/v2\/media?parent=23294"}],"wp:term":[{"taxonomy":"category","embeddable":true,"href":"https:\/\/diariodepernambuco.audiencelabs.com.br\/wp-json\/wp\/v2\/categories?post=23294"},{"taxonomy":"post_tag","embeddable":true,"href":"https:\/\/diariodepernambuco.audiencelabs.com.br\/wp-json\/wp\/v2\/tags?post=23294"}],"curies":[{"name":"wp","href":"https:\/\/api.w.org\/{rel}","templated":true}]}}