{"id":23300,"date":"2026-04-02T09:18:20","date_gmt":"2026-04-02T12:18:20","guid":{"rendered":"https:\/\/diariodepernambuco.audiencelabs.com.br\/?p=23300"},"modified":"2026-04-02T11:20:06","modified_gmt":"2026-04-02T14:20:06","slug":"se-eu-mudar-a-cor-do-meu-carro-levo-multa-ou-sou-preso","status":"publish","type":"post","link":"https:\/\/diariodepernambuco.audiencelabs.com.br\/se-eu-mudar-a-cor-do-meu-carro-levo-multa-ou-sou-preso\/","title":{"rendered":"Se eu mudar a cor do meu carro, levo multa ou sou preso?"},"content":{"rendered":"\n<p>Mudar a cor do carro \u00e9 um desejo de muitos motoristas, seja por estilo pr\u00f3prio ou at\u00e9 valoriza\u00e7\u00e3o est\u00e9tica do ve\u00edculo. Mas antes de sair escolhendo a nova pintura, \u00e9 importante entender que fazer isso sem seguir algumas regras pode trazer dor de cabe\u00e7a.<\/p>\n\n\n\n<h2 class=\"wp-block-heading\">D\u00e1 multa ou pris\u00e3o?<\/h2>\n\n\n\n<p>Se o dono do carro simplesmente alterar a cor do ve\u00edculo e continuar circulando normalmente, sem atualizar a documenta\u00e7\u00e3o, ter\u00e1 que pagar multa de <strong>R$ 195,23<\/strong> e tomar\u00e1 <strong>5 pontos<\/strong> na carteira. Al\u00e9m disso, o carro pode ser retido at\u00e9 que tudo seja regularizado.<\/p>\n\n\n\n<p>Quanto \u00e0 pris\u00e3o, esse tipo de irregularidade \u00e9 considerada uma infra\u00e7\u00e3o administrativa, n\u00e3o um crime, ou seja, pesa no bolso e na CNH, mas n\u00e3o leva ningu\u00e9m para a cadeia.<\/p>\n\n\n\n<h2 class=\"wp-block-heading\">Quando a mudan\u00e7a \u00e9 permitida?<\/h2>\n\n\n<style>@media (min-width: 992px) {\n    .recomendadorV2Area1 {\n        width: 280px;\n    }\n    .recomendadorV2Area2 {\n        padding: 0px 20px;\n        width: calc(100% - 280px);\n    }\n}\n\n@media (max-width: 992px) {\n    .recomendadorV2Button {\n        margin: 0 auto;\n    }\n    .recomendadorV2Area {\n        flex-direction: column;\n        text-align: center;\n    }\n    .recomendadorV2Area2 {\n        padding: 0px 20px;\n    }\n}\n\n.recomendadorV2Area {\n    background: #eeeeee3d;\n    border-radius: 10px;\n    padding: 15px;\n    display: flex;\n    margin: 15px auto;\n    border: 1px solid #00000014;\n    max-width: 800px;\n}\n\n.recomendadorV2Area1 img {\n    width: 280px;\n    height: auto;\n    border-radius: 8px;\n}\n\n.linkrecomendadorv2 {\n    text-decoration: none !important;\n}\n\n.recomendadorV2Area2 .recomendadorV2Type {\n    text-transform: uppercase;\n    font-weight: 500;\n    font-size: 11px;\n    letter-spacing: 2px;\n    color: #666;\n    margin: 12px 0;\n    display: block;\n}\n\n.recomendadorV2Title h2 {\n    padding-top: 0px !important;\n    margin: 0px !important;\n    border-left: none !important;\n    padding-left: 0px !important;\n    line-height: 1.3;\n    color: #000 !important;\n    font-size: 24px;\n    margin-bottom: 12px !important;\n}\n\n.recomendadorV2Desc {\n    color: #333;\n    margin: 12px 0px !important;\n    font-size: 15px;\n    line-height: 1.5;\n}\n\n.recomendadorV2Button {\n    width: auto;\n    max-width: 200px;\n    margin: 0;\n    display: inline-flex;\n    align-items: center;\n    background: #1D3557;\n    border-radius: 8px;\n    color: #fff;\n    height: 36px;\n    justify-content: center;\n    text-align: center;\n    font-size: 14px;\n    padding: 0 20px;\n    transition: background-color 0.2s ease;\n}\n\n.recomendadorV2Button:hover {\n    background: #2a4d7a;\n}\n\n.recomendadorV2Button:after {\n    margin-top: -2px;\n    content: \"\u2192\";\n    padding: 0px 0px 0px 8px;\n}\n\n.recomendadorV2Alert {\n    text-align: left;\n    font-size: 11px;\n    margin-top: 8px;\n    color: #666;\n}\n\n.recomendadorFixedArea {\n    width: 100%;\n    display: flex;\n    justify-content: center;\n    align-items: center;\n}\n\n@media (min-width: 992px) {\n    #recomendadorFixed {\n        width: 32% !important;\n        left: 5%;\n    }\n    .recomendadorCloseFixed{\n        right: inherit !important;\n        left: 378px !important;\n    }\n}\n\n#recomendadorFixed {\n    width: 90%;\n    box-shadow: 0 10px 20px 0px #00000057;\n    display: none;\n    height: 90px;\n    background: #F6F6F6;\n    position: fixed;\n    flex-direction: row;\n    bottom: 10px;\n    z-index: 9999;\n    border-radius: 16px;\n    padding: 7px 10px;\n}\n\n.recomendadorLeftArea {\n    width: 160px;\n}\n\n.recomendadorRightArea h2 {\n    padding-top: 0px;\n    margin: 2px 0px 4px 0px !important;\n    font-weight: 400;\n    text-align: center;\n    padding-left: 0px !important;\n    color: #000 !important;\n    border-left: none !important;\n    line-height: 20px;\n    font-size: 12px !important;\n}\n\n.recomendadorImgFixed {\n    overflow: hidden;\n    padding: 8px 6px;\n    height: 100%;\n}\n\n.recomendadorImgFixed img {\n    height: 100% !important;\n    border-radius: 16px;\n}\n\n.recomendadorRightArea {\n    padding-top: 6px;\n    display: flex;\n    width: calc(100% - 130px);\n    justify-content: space-between;\n    align-items: center;\n    flex-direction: column;\n}\n\n.recomendadorButtonFixed {\n    margin: 0 auto;\n    background: #1D3557;\n    width: 80%;\n    text-align: center;\n    font-size: 10px;\n    color: #FFF;\n    padding: 2px 10px;\n    border-radius: 3px;\n}\n\n.recomendadorButtonFixed:after {\n    margin-top: -3px;\n    content: \"\u2192\";\n    padding: 0px 0px 0px 10px;\n}\n\n.recomendadorAlertFixed {\n    font-weight: 400;\n    text-align: center;\n    color: #484848;\n    font-size: 8px;\n}\n\n.recomendadorCloseFixed {\n    z-index: 99999;\n    display: none;\n    right: 0px;\n    left: inherit;\n    bottom: 99px;\n    position: fixed;\n    justify-content: center;\n    background: #F6F6F6;\n    width: 25px;\n    align-items: center;\n    height: 25px;\n    font-weight: 800;\n    border-radius: 50%;\n    border: 1px solid #EBEBEB;\n}\n\n.recomendadorV2Desc{\n    color: #000000;\n    margin: 20px 0px;\n}\n\n@media (max-width: 576px) {\n    .recomendadorV2Area {\n      padding: 10px;\n      max-width: 100%;\n    }\n  \n    .recomendadorV2Area1 img {\n      width: 100%;\n      border-radius: 6px;\n    }\n  \n    .recomendadorV2Area2 .recomendadorV2Type {\n      font-size: 9px;\n      letter-spacing: 1px;\n      margin: 8px 0;\n    }\n  \n    .recomendadorV2Title h2 {\n      font-size: 18px !important;\n      margin-bottom: 8px !important;\n      line-height: 1.2;\n    }\n  \n    .recomendadorV2Desc {\n      font-size: 14px;\n      margin: 8px 0 !important;\n      line-height: 1.4;\n    }\n  \n    .recomendadorV2Button {\n      font-size: 12px;\n      height: 30px;\n      padding: 0 12px;\n      max-width: 160px;\n    }\n  \n    .recomendadorV2Button:after {\n      padding-left: 6px;\n    }\n  }\n  <\/style>\n        <div class=\"lazyblock-recomendador-v2-2jDGz wp-block-lazyblock-recomendador-v2\">\n        <a class=\"linkrecomendadorv2\" href=\"https:\/\/diariodepernambuco.com.br\/dpmais\/carro-mais-barato-do-brasil-em-2026-tem-conforto-e-proporciona-boa-velocidade\/?utm_source=lazy\" target=\"_blank\" rel=\"noopener\">\n            <div class=\"recomendadorV2Area\">\n            <div class=\"recomendadorV2Area1\">\n                <div class=\"recomendadorV2Img\">\n                <img class=\"lazyloaded\" decoding=\"async\" src=\"https:\/\/diariodepernambuco.com.br\/dpmais\/wp-content\/uploads\/2026\/03\/carro-mais-barato-do-brasil-em-2026-tem-conforto-e-proporciona-boa-velocidade-1140x570.jpg\" data-src=\"https:\/\/diariodepernambuco.com.br\/dpmais\/wp-content\/uploads\/2026\/03\/carro-mais-barato-do-brasil-em-2026-tem-conforto-e-proporciona-boa-velocidade-1140x570.jpg\" alt=\"\">\n                <\/div>\n            <\/div>\n            <div class=\"recomendadorV2Area2\">\n                <div class=\"recomendadorV2Type\">\n                    <span>Carro barato<\/span>\n                <\/div>\n                <div class=\"recomendadorV2Title\">\n                <h2><span>Mais acess\u00edvel \ud83d\ude97<\/span><\/h2>\n                <\/div>\n                <div class=\"recomendadorV2Desc\">\n                <span>Modelo 2026 surpreende no pre\u00e7o<\/span>\n                <\/div>\n                <div class=\"recomendadorV2Button\">Veja qual \u00e9 o carro<\/div>\n                <div class=\"recomendadorV2Alert\"><\/div>\n            <\/div>\n            <\/div>\n        <\/a>\n        <div>\n            <div style=\"z-index:99999;\" id=\"buttonClose\" onclick=\"closeRecomendadorFixed()\">\n            <div class=\"recomendadorCloseFixed\">X<\/div>\n            <\/div>\n            <a href=\"https:\/\/diariodepernambuco.com.br\/dpmais\/carro-mais-barato-do-brasil-em-2026-tem-conforto-e-proporciona-boa-velocidade\/?utm_source=lazy\" target=\"_blank\" rel=\"noopener\">\n            <div class=\"recomendadorFixedArea\">\n                <div id=\"recomendadorFixed\">\n                <div class=\"recomendadorLeftArea\">\n                    <div class=\"recomendadorImgFixed\">\n                    <img class=\"lazyload\" decoding=\"async\" src=\"https:\/\/diariodepernambuco.com.br\/dpmais\/wp-content\/uploads\/2026\/03\/carro-mais-barato-do-brasil-em-2026-tem-conforto-e-proporciona-boa-velocidade-1140x570.jpg\" alt=\"\">\n                    <\/div>\n                <\/div>\n                <div class=\"recomendadorRightArea\">\n                    <div class=\"recomendadorTitleFixed\">\n                    <h2><span>Mais acess\u00edvel \ud83d\ude97<\/span><\/h2>\n                    <\/div>\n                    <div class=\"recomendadorButtonFixed\">Veja qual \u00e9 o carro<\/div>\n                    <div class=\"recomendadorAlertFixed\"><\/div>\n                <\/div>\n                <\/div>\n            <\/div>\n            <\/a>\n        <\/div>\n        <\/div>\n\n\n\n<p>A altera\u00e7\u00e3o da cor do ve\u00edculo \u00e9 totalmente legal, mas seguindo os seguintes procedimentos: antes de pintar o carro, \u00e9 necess\u00e1rio solicitar autoriza\u00e7\u00e3o aos \u00f3rg\u00e3o de tr\u00e2nsito. Depois da mudan\u00e7a, a nova cor precisa constar oficialmente no documento do ve\u00edculo. Circular sem essa atualiza\u00e7\u00e3o pode gerar multa e pontos.<\/p>\n\n\n\n<p>Antes de pedir autoriza\u00e7\u00e3o, o carro precisa estar sem pend\u00eancias. Sem isso, o pedido n\u00e3o \u00e9 liberado:<\/p>\n\n\n\n<ul class=\"wp-block-list\">\n<li>Sem multas pendentes<\/li>\n\n\n\n<li>Impostos pagos<\/li>\n\n\n\n<li>Nenhuma restri\u00e7\u00e3o judicial ou administrativa<\/li>\n<\/ul>\n\n\n\n<h2 class=\"wp-block-heading\">Quanto custa regularizar?<\/h2>\n\n\n\n<p>Para quem est\u00e1 com tudo em dia, a regulariza\u00e7\u00e3o costuma ficar em torno de R$ 263,80. Por\u00e9m, se o licenciamento ainda n\u00e3o foi feito no ano, o custo pode chegar a cerca de R$ 419,03.<\/p>\n","protected":false},"excerpt":{"rendered":"<p>Mudar a cor do carro \u00e9 um desejo de muitos motoristas, seja por estilo pr\u00f3prio ou at\u00e9 valoriza\u00e7\u00e3o est\u00e9tica do ve\u00edculo. Mas antes de sair escolhendo a nova pintura, \u00e9 importante entender que fazer isso sem seguir algumas regras pode trazer dor de cabe\u00e7a. D\u00e1 multa ou pris\u00e3o? Se o dono do carro simplesmente alterar [&hellip;]<\/p>\n","protected":false},"author":17,"featured_media":23330,"comment_status":"open","ping_status":"open","sticky":false,"template":"","format":"standard","meta":{"jnews-multi-image_gallery":[],"jnews_single_post":{"format":"standard"},"jnews_primary_category":[],"jnews_social_meta":[],"jnews_post_split":[],"footnotes":""},"categories":[1],"tags":[],"class_list":["post-23300","post","type-post","status-publish","format-standard","has-post-thumbnail","hentry","category-uncategorized"],"_links":{"self":[{"href":"https:\/\/diariodepernambuco.audiencelabs.com.br\/wp-json\/wp\/v2\/posts\/23300","targetHints":{"allow":["GET"]}}],"collection":[{"href":"https:\/\/diariodepernambuco.audiencelabs.com.br\/wp-json\/wp\/v2\/posts"}],"about":[{"href":"https:\/\/diariodepernambuco.audiencelabs.com.br\/wp-json\/wp\/v2\/types\/post"}],"author":[{"embeddable":true,"href":"https:\/\/diariodepernambuco.audiencelabs.com.br\/wp-json\/wp\/v2\/users\/17"}],"replies":[{"embeddable":true,"href":"https:\/\/diariodepernambuco.audiencelabs.com.br\/wp-json\/wp\/v2\/comments?post=23300"}],"version-history":[{"count":4,"href":"https:\/\/diariodepernambuco.audiencelabs.com.br\/wp-json\/wp\/v2\/posts\/23300\/revisions"}],"predecessor-version":[{"id":24049,"href":"https:\/\/diariodepernambuco.audiencelabs.com.br\/wp-json\/wp\/v2\/posts\/23300\/revisions\/24049"}],"wp:featuredmedia":[{"embeddable":true,"href":"https:\/\/diariodepernambuco.audiencelabs.com.br\/wp-json\/wp\/v2\/media\/23330"}],"wp:attachment":[{"href":"https:\/\/diariodepernambuco.audiencelabs.com.br\/wp-json\/wp\/v2\/media?parent=23300"}],"wp:term":[{"taxonomy":"category","embeddable":true,"href":"https:\/\/diariodepernambuco.audiencelabs.com.br\/wp-json\/wp\/v2\/categories?post=23300"},{"taxonomy":"post_tag","embeddable":true,"href":"https:\/\/diariodepernambuco.audiencelabs.com.br\/wp-json\/wp\/v2\/tags?post=23300"}],"curies":[{"name":"wp","href":"https:\/\/api.w.org\/{rel}","templated":true}]}}