{"id":23310,"date":"2026-04-02T10:00:00","date_gmt":"2026-04-02T13:00:00","guid":{"rendered":"https:\/\/diariodepernambuco.audiencelabs.com.br\/?p=23310"},"modified":"2026-04-02T09:07:52","modified_gmt":"2026-04-02T12:07:52","slug":"carro-do-dono-da-havan-tem-cor-de-amarelo-ovo-e-nao-possui-nenhum-tipo-de-luxo","status":"publish","type":"post","link":"https:\/\/diariodepernambuco.audiencelabs.com.br\/carro-do-dono-da-havan-tem-cor-de-amarelo-ovo-e-nao-possui-nenhum-tipo-de-luxo\/","title":{"rendered":"Carro do dono da Havan tem cor de amarelo ovo e n\u00e3o possui nenhum tipo de luxo"},"content":{"rendered":"\n<p>Conhecido por sua fortuna e estilo extravagante, o empres\u00e1rio Luciano Hang surpreendeu ao relembrar o carro mais simples de sua trajet\u00f3ria: um Fiat 147 na chamativa cor \u201camarelo ovo\u201d. O modelo, longe de qualquer luxo ou tecnologia, marcou o in\u00edcio da sua hist\u00f3ria e virou s\u00edmbolo de uma fase muito diferente da atual.<\/p>\n\n\n\n<p>O ve\u00edculo, considerado b\u00e1sico at\u00e9 mesmo para os padr\u00f5es da \u00e9poca, n\u00e3o contava com itens de conforto ou sofistica\u00e7\u00e3o. Ainda assim, foi um marco na vida do dono da Havan, que conquistou o carro com muito esfor\u00e7o enquanto trabalhava em uma f\u00e1brica t\u00eaxtil em Santa Catarina.<\/p>\n\n\n<div class=\"wp-block-image\">\n<figure class=\"aligncenter size-full is-resized\"><img loading=\"lazy\" decoding=\"async\" width=\"507\" height=\"506\" src=\"https:\/\/diariodepernambuco.audiencelabs.com.br\/wp-content\/uploads\/2026\/04\/Luciano-Hang-carro.webp\" alt=\"\" class=\"wp-image-23313\" style=\"width:475px;height:auto\" srcset=\"https:\/\/diariodepernambuco.audiencelabs.com.br\/wp-content\/uploads\/2026\/04\/Luciano-Hang-carro.webp 507w, https:\/\/diariodepernambuco.audiencelabs.com.br\/wp-content\/uploads\/2026\/04\/Luciano-Hang-carro-300x300.webp 300w, https:\/\/diariodepernambuco.audiencelabs.com.br\/wp-content\/uploads\/2026\/04\/Luciano-Hang-carro-150x150.webp 150w, https:\/\/diariodepernambuco.audiencelabs.com.br\/wp-content\/uploads\/2026\/04\/Luciano-Hang-carro-75x75.webp 75w, https:\/\/diariodepernambuco.audiencelabs.com.br\/wp-content\/uploads\/2026\/04\/Luciano-Hang-carro-350x350.webp 350w\" sizes=\"auto, (max-width: 507px) 100vw, 507px\" \/><figcaption class=\"wp-element-caption\">Foto: Luciano Hang\/Reprodu\u00e7\u00e3o\/ND<\/figcaption><\/figure>\n<\/div>\n\n\n<p>Anos depois, j\u00e1 como empres\u00e1rio de sucesso, Hang voltou a se emocionar ao reencontrar um modelo semelhante, presenteado por um f\u00e3. O carro simples trouxe \u00e0 tona lembran\u00e7as do in\u00edcio da sua trajet\u00f3ria, quando adquirir um autom\u00f3vel era um dos maiores sonhos pessoais.<\/p>\n\n\n\n<p>Mesmo sendo um ve\u00edculo modesto, o Fiat 147 tem um papel importante na hist\u00f3ria da ind\u00fastria nacional, sendo um dos primeiros carros produzidos pela Fiat no Brasil e um s\u00edmbolo de mobilidade acess\u00edvel nas d\u00e9cadas passadas.<\/p>\n\n\n\n<h2 class=\"wp-block-heading\">Do carro simples ao imp\u00e9rio bilion\u00e1rio<\/h2>\n\n\n\n<p>A hist\u00f3ria de Luciano Hang com o seu primeiro carro refor\u00e7a a narrativa de supera\u00e7\u00e3o que ele costuma compartilhar. O modelo b\u00e1sico, sem qualquer luxo, representa o in\u00edcio de uma trajet\u00f3ria que mais tarde resultaria na constru\u00e7\u00e3o de um dos maiores grupos varejistas do pa\u00eds.<\/p>\n\n\n\n<p>Hoje, \u00e0 frente da Havan, o empres\u00e1rio acumula patrim\u00f4nio e visibilidade, mas faz quest\u00e3o de manter viva a lembran\u00e7a do passado. O \u201camarelo ovo\u201d, que um dia foi apenas um carro simples, se tornou s\u00edmbolo de conquista pessoal e inspira\u00e7\u00e3o para muitos brasileiros.<\/p>\n\n\n\n<p><\/p>\n","protected":false},"excerpt":{"rendered":"<p>Conhecido por sua fortuna e estilo extravagante, o empres\u00e1rio Luciano Hang surpreendeu ao relembrar o carro mais simples de sua trajet\u00f3ria: um Fiat 147 na chamativa cor \u201camarelo ovo\u201d. O modelo, longe de qualquer luxo ou tecnologia, marcou o in\u00edcio da sua hist\u00f3ria e virou s\u00edmbolo de uma fase muito diferente da atual. O ve\u00edculo, [&hellip;]<\/p>\n","protected":false},"author":4,"featured_media":15032,"comment_status":"open","ping_status":"open","sticky":false,"template":"","format":"standard","meta":{"jnews-multi-image_gallery":[],"jnews_single_post":{"format":"standard"},"jnews_primary_category":[],"jnews_social_meta":[],"jnews_post_split":[],"footnotes":""},"categories":[1],"tags":[],"class_list":["post-23310","post","type-post","status-publish","format-standard","has-post-thumbnail","hentry","category-uncategorized"],"_links":{"self":[{"href":"https:\/\/diariodepernambuco.audiencelabs.com.br\/wp-json\/wp\/v2\/posts\/23310","targetHints":{"allow":["GET"]}}],"collection":[{"href":"https:\/\/diariodepernambuco.audiencelabs.com.br\/wp-json\/wp\/v2\/posts"}],"about":[{"href":"https:\/\/diariodepernambuco.audiencelabs.com.br\/wp-json\/wp\/v2\/types\/post"}],"author":[{"embeddable":true,"href":"https:\/\/diariodepernambuco.audiencelabs.com.br\/wp-json\/wp\/v2\/users\/4"}],"replies":[{"embeddable":true,"href":"https:\/\/diariodepernambuco.audiencelabs.com.br\/wp-json\/wp\/v2\/comments?post=23310"}],"version-history":[{"count":2,"href":"https:\/\/diariodepernambuco.audiencelabs.com.br\/wp-json\/wp\/v2\/posts\/23310\/revisions"}],"predecessor-version":[{"id":23314,"href":"https:\/\/diariodepernambuco.audiencelabs.com.br\/wp-json\/wp\/v2\/posts\/23310\/revisions\/23314"}],"wp:featuredmedia":[{"embeddable":true,"href":"https:\/\/diariodepernambuco.audiencelabs.com.br\/wp-json\/wp\/v2\/media\/15032"}],"wp:attachment":[{"href":"https:\/\/diariodepernambuco.audiencelabs.com.br\/wp-json\/wp\/v2\/media?parent=23310"}],"wp:term":[{"taxonomy":"category","embeddable":true,"href":"https:\/\/diariodepernambuco.audiencelabs.com.br\/wp-json\/wp\/v2\/categories?post=23310"},{"taxonomy":"post_tag","embeddable":true,"href":"https:\/\/diariodepernambuco.audiencelabs.com.br\/wp-json\/wp\/v2\/tags?post=23310"}],"curies":[{"name":"wp","href":"https:\/\/api.w.org\/{rel}","templated":true}]}}