{"id":23315,"date":"2026-04-02T10:30:00","date_gmt":"2026-04-02T13:30:00","guid":{"rendered":"https:\/\/diariodepernambuco.audiencelabs.com.br\/?p=23315"},"modified":"2026-04-02T09:11:12","modified_gmt":"2026-04-02T12:11:12","slug":"esses-carros-foram-substituidos-e-nao-fazem-mais-parte-do-uber-black-em-2026","status":"publish","type":"post","link":"https:\/\/diariodepernambuco.audiencelabs.com.br\/esses-carros-foram-substituidos-e-nao-fazem-mais-parte-do-uber-black-em-2026\/","title":{"rendered":"Esses carros foram substitu\u00eddos e n\u00e3o fazem mais parte do Uber Black em 2026"},"content":{"rendered":"\n<p>A Uber promoveu uma atualiza\u00e7\u00e3o importante na categoria premium do aplicativo em 2026, tornando as regras mais r\u00edgidas e excluindo diversos modelos que antes eram aceitos no Uber Black. A mudan\u00e7a faz parte de uma estrat\u00e9gia para elevar o padr\u00e3o do servi\u00e7o, exigindo ve\u00edculos mais sofisticados e alinhados com a experi\u00eancia de alto n\u00edvel oferecida aos passageiros.<\/p>\n\n\n\n<p>Entre os carros que deixaram de ser aceitos na categoria, independentemente do ano de fabrica\u00e7\u00e3o, est\u00e3o modelos como Renault Kardian, Chery Tiggo 3X, Peugeot e-2008 e Hyundai Kona Hybrid. A lista ainda inclui Chery Tiggo 3, JAC J3 Turin e JAC iEV 40, que tamb\u00e9m foram retirados da plataforma j\u00e1 no in\u00edcio do ano.<\/p>\n\n\n\n<p>A decis\u00e3o surpreendeu muitos motoristas, j\u00e1 que alguns desses ve\u00edculos s\u00e3o relativamente novos no mercado brasileiro. No entanto, a empresa passou a priorizar crit\u00e9rios como porte, acabamento e percep\u00e7\u00e3o de qualidade, deixando de lado modelos considerados mais simples para o padr\u00e3o exigido na categoria Black.<\/p>\n\n\n\n<p>Al\u00e9m da exclus\u00e3o de modelos espec\u00edficos, a Uber tamb\u00e9m refor\u00e7ou outras exig\u00eancias, como cores padronizadas (preto, branco, prata, entre outras), quatro portas e ar-condicionado, al\u00e9m de uma avalia\u00e7\u00e3o m\u00ednima elevada para os motoristas. A ideia \u00e9 garantir uma experi\u00eancia mais premium e padronizada para os usu\u00e1rios do servi\u00e7o.<\/p>\n\n\n\n<h2 class=\"wp-block-heading\">Regras mais r\u00edgidas mudam o cen\u00e1rio para motoristas<\/h2>\n\n\n\n<p>As novas exig\u00eancias impactam diretamente os motoristas parceiros, que agora precisam planejar melhor a escolha do ve\u00edculo para continuar operando na categoria premium. Com a retirada de v\u00e1rios modelos, muitos profissionais ter\u00e3o que investir em carros mais caros para permanecer no Uber Black.<\/p>\n\n\n\n<p>Apesar das mudan\u00e7as, a empresa manteve um per\u00edodo de transi\u00e7\u00e3o em casos espec\u00edficos, como o Citro\u00ebn Basalt, que ainda pode operar at\u00e9 o fim de 2026 se tiver sido cadastrado dentro do prazo. Mesmo assim, a tend\u00eancia \u00e9 de um servi\u00e7o cada vez mais seletivo, com foco em conforto, sofistica\u00e7\u00e3o e padroniza\u00e7\u00e3o da frota.<\/p>\n\n\n\n<p><\/p>\n","protected":false},"excerpt":{"rendered":"<p>A Uber promoveu uma atualiza\u00e7\u00e3o importante na categoria premium do aplicativo em 2026, tornando as regras mais r\u00edgidas e excluindo diversos modelos que antes eram aceitos no Uber Black. A mudan\u00e7a faz parte de uma estrat\u00e9gia para elevar o padr\u00e3o do servi\u00e7o, exigindo ve\u00edculos mais sofisticados e alinhados com a experi\u00eancia de alto n\u00edvel oferecida [&hellip;]<\/p>\n","protected":false},"author":4,"featured_media":23318,"comment_status":"open","ping_status":"open","sticky":false,"template":"","format":"standard","meta":{"jnews-multi-image_gallery":[],"jnews_single_post":{"format":"standard"},"jnews_primary_category":[],"jnews_social_meta":[],"jnews_post_split":[],"footnotes":""},"categories":[1],"tags":[],"class_list":["post-23315","post","type-post","status-publish","format-standard","has-post-thumbnail","hentry","category-uncategorized"],"_links":{"self":[{"href":"https:\/\/diariodepernambuco.audiencelabs.com.br\/wp-json\/wp\/v2\/posts\/23315","targetHints":{"allow":["GET"]}}],"collection":[{"href":"https:\/\/diariodepernambuco.audiencelabs.com.br\/wp-json\/wp\/v2\/posts"}],"about":[{"href":"https:\/\/diariodepernambuco.audiencelabs.com.br\/wp-json\/wp\/v2\/types\/post"}],"author":[{"embeddable":true,"href":"https:\/\/diariodepernambuco.audiencelabs.com.br\/wp-json\/wp\/v2\/users\/4"}],"replies":[{"embeddable":true,"href":"https:\/\/diariodepernambuco.audiencelabs.com.br\/wp-json\/wp\/v2\/comments?post=23315"}],"version-history":[{"count":3,"href":"https:\/\/diariodepernambuco.audiencelabs.com.br\/wp-json\/wp\/v2\/posts\/23315\/revisions"}],"predecessor-version":[{"id":23321,"href":"https:\/\/diariodepernambuco.audiencelabs.com.br\/wp-json\/wp\/v2\/posts\/23315\/revisions\/23321"}],"wp:featuredmedia":[{"embeddable":true,"href":"https:\/\/diariodepernambuco.audiencelabs.com.br\/wp-json\/wp\/v2\/media\/23318"}],"wp:attachment":[{"href":"https:\/\/diariodepernambuco.audiencelabs.com.br\/wp-json\/wp\/v2\/media?parent=23315"}],"wp:term":[{"taxonomy":"category","embeddable":true,"href":"https:\/\/diariodepernambuco.audiencelabs.com.br\/wp-json\/wp\/v2\/categories?post=23315"},{"taxonomy":"post_tag","embeddable":true,"href":"https:\/\/diariodepernambuco.audiencelabs.com.br\/wp-json\/wp\/v2\/tags?post=23315"}],"curies":[{"name":"wp","href":"https:\/\/api.w.org\/{rel}","templated":true}]}}