{"id":23327,"date":"2026-04-02T11:30:00","date_gmt":"2026-04-02T14:30:00","guid":{"rendered":"https:\/\/diariodepernambuco.audiencelabs.com.br\/?p=23327"},"modified":"2026-04-02T09:20:47","modified_gmt":"2026-04-02T12:20:47","slug":"destaque-da-selecao-brasileira-com-vaga-garantida-na-copa-muda-de-pais-e-vai-jogar-na-italia","status":"publish","type":"post","link":"https:\/\/diariodepernambuco.audiencelabs.com.br\/destaque-da-selecao-brasileira-com-vaga-garantida-na-copa-muda-de-pais-e-vai-jogar-na-italia\/","title":{"rendered":"Destaque da Sele\u00e7\u00e3o Brasileira com vaga garantida na Copa muda de pa\u00eds e vai jogar na It\u00e1lia"},"content":{"rendered":"\n<p>Um dos principais nomes da nova gera\u00e7\u00e3o da Sele\u00e7\u00e3o Brasileira de Voleibol Feminino, a central J\u00falia Kudiess est\u00e1 de sa\u00edda do Brasil para atuar no v\u00f4lei italiano na pr\u00f3xima temporada. Aos 23 anos, a jogadora vive grande fase e decidiu dar um passo importante na carreira ao aceitar o desafio de atuar na Europa, considerada uma das principais vitrines do esporte mundial.<\/p>\n\n\n\n<p>Ap\u00f3s cerca de uma d\u00e9cada defendendo o Minas T\u00eanis Clube, desde as categorias de base, a atleta encerra um ciclo vitorioso no pa\u00eds. Destaque absoluto da atual edi\u00e7\u00e3o da Superliga, Kudiess lidera o ranking de bloqueios e chega valorizada ao mercado internacional, com destino encaminhado para o Igor Gorgonzola Novara, uma das equipes mais tradicionais do voleibol italiano.<\/p>\n\n\n\n<p>Mesmo com a mudan\u00e7a de pa\u00eds, a jogadora segue como pe\u00e7a importante no elenco comandado por Jos\u00e9 Roberto Guimar\u00e3es. Presen\u00e7a frequente nas convoca\u00e7\u00f5es, ela j\u00e1 \u00e9 considerada uma das titulares da equipe e deve continuar sendo observada de perto visando as pr\u00f3ximas competi\u00e7\u00f5es internacionais.<\/p>\n\n\n\n<p>De olho no futuro, a expectativa \u00e9 que Kudiess chegue ainda mais preparada para a disputa da Copa do Mundo de V\u00f4lei Feminino de 2027, que ser\u00e1 realizada nos Estados Unidos e no Canad\u00e1. A experi\u00eancia no exterior pode ser determinante para consolidar seu espa\u00e7o e ajudar o Brasil na busca por mais um grande t\u00edtulo.<\/p>\n\n\n\n<h2 class=\"wp-block-heading\">Experi\u00eancia internacional pode elevar n\u00edvel da Sele\u00e7\u00e3o<\/h2>\n\n\n\n<p>A ida de J\u00falia Kudiess para o Igor Gorgonzola Novara refor\u00e7a um movimento comum entre atletas brasileiras que buscam evolu\u00e7\u00e3o t\u00e9cnica e maior competitividade. A liga italiana \u00e9 reconhecida pelo alto n\u00edvel e pela presen\u00e7a de algumas das melhores jogadoras do mundo, o que tende a acelerar o desenvolvimento da central.<\/p>\n\n\n\n<p>Pensando na Copa de 2027, a expectativa \u00e9 que essa viv\u00eancia internacional contribua diretamente para o desempenho da Sele\u00e7\u00e3o Brasileira. Com mais experi\u00eancia e enfrentando advers\u00e1rias de elite, Kudiess pode chegar ainda mais preparada para ser protagonista em um dos ciclos mais importantes do v\u00f4lei feminino mundial.<\/p>\n\n\n\n<p><\/p>\n","protected":false},"excerpt":{"rendered":"<p>Um dos principais nomes da nova gera\u00e7\u00e3o da Sele\u00e7\u00e3o Brasileira de Voleibol Feminino, a central J\u00falia Kudiess est\u00e1 de sa\u00edda do Brasil para atuar no v\u00f4lei italiano na pr\u00f3xima temporada. Aos 23 anos, a jogadora vive grande fase e decidiu dar um passo importante na carreira ao aceitar o desafio de atuar na Europa, considerada [&hellip;]<\/p>\n","protected":false},"author":4,"featured_media":23331,"comment_status":"open","ping_status":"open","sticky":false,"template":"","format":"standard","meta":{"jnews-multi-image_gallery":[],"jnews_single_post":{"format":"standard"},"jnews_primary_category":[],"jnews_social_meta":[],"jnews_post_split":[],"footnotes":""},"categories":[1],"tags":[],"class_list":["post-23327","post","type-post","status-publish","format-standard","has-post-thumbnail","hentry","category-uncategorized"],"_links":{"self":[{"href":"https:\/\/diariodepernambuco.audiencelabs.com.br\/wp-json\/wp\/v2\/posts\/23327","targetHints":{"allow":["GET"]}}],"collection":[{"href":"https:\/\/diariodepernambuco.audiencelabs.com.br\/wp-json\/wp\/v2\/posts"}],"about":[{"href":"https:\/\/diariodepernambuco.audiencelabs.com.br\/wp-json\/wp\/v2\/types\/post"}],"author":[{"embeddable":true,"href":"https:\/\/diariodepernambuco.audiencelabs.com.br\/wp-json\/wp\/v2\/users\/4"}],"replies":[{"embeddable":true,"href":"https:\/\/diariodepernambuco.audiencelabs.com.br\/wp-json\/wp\/v2\/comments?post=23327"}],"version-history":[{"count":2,"href":"https:\/\/diariodepernambuco.audiencelabs.com.br\/wp-json\/wp\/v2\/posts\/23327\/revisions"}],"predecessor-version":[{"id":23334,"href":"https:\/\/diariodepernambuco.audiencelabs.com.br\/wp-json\/wp\/v2\/posts\/23327\/revisions\/23334"}],"wp:featuredmedia":[{"embeddable":true,"href":"https:\/\/diariodepernambuco.audiencelabs.com.br\/wp-json\/wp\/v2\/media\/23331"}],"wp:attachment":[{"href":"https:\/\/diariodepernambuco.audiencelabs.com.br\/wp-json\/wp\/v2\/media?parent=23327"}],"wp:term":[{"taxonomy":"category","embeddable":true,"href":"https:\/\/diariodepernambuco.audiencelabs.com.br\/wp-json\/wp\/v2\/categories?post=23327"},{"taxonomy":"post_tag","embeddable":true,"href":"https:\/\/diariodepernambuco.audiencelabs.com.br\/wp-json\/wp\/v2\/tags?post=23327"}],"curies":[{"name":"wp","href":"https:\/\/api.w.org\/{rel}","templated":true}]}}