{"id":23333,"date":"2026-04-02T09:56:55","date_gmt":"2026-04-02T12:56:55","guid":{"rendered":"https:\/\/diariodepernambuco.audiencelabs.com.br\/?p=23333"},"modified":"2026-04-02T09:56:57","modified_gmt":"2026-04-02T12:56:57","slug":"que-dia-os-astronautas-da-artemis-vao-chegar-na-lua","status":"publish","type":"post","link":"https:\/\/diariodepernambuco.audiencelabs.com.br\/que-dia-os-astronautas-da-artemis-vao-chegar-na-lua\/","title":{"rendered":"Que dia os astronautas da Artemis v\u00e3o chegar na Lua?"},"content":{"rendered":"\n<p>A expectativa em torno da miss\u00e3o que pode levar o homem \u00e0 Lua novamente \u00e9 grande. Com o lan\u00e7amento da Artemis nesta quarta-feira (1\u00ba), uma das perguntas mais frequentes \u00e9: em que momento os astronautas chegam \u00e0 Lua?<\/p>\n\n\n\n<p>Bom, eles devem <strong>ver a Lua de perto<\/strong> por volta do sexto dia de viagem, o que, neste cronograma da miss\u00e3o, corresponde aproximadamente ao dia <strong>6 de abril<\/strong>. \u00c9 nesse momento que a nave atinge sua maior aproxima\u00e7\u00e3o do sat\u00e9lite. Segundo informa\u00e7\u00f5es do g1, essas s\u00e3o as etapas da miss\u00e3o:<\/p>\n\n\n\n<h2 class=\"wp-block-heading\">Primeiros dias fora da Terra<\/h2>\n\n\n\n<p>Nos dias seguintes ao lan\u00e7amento, como nesta quinta-feira (2), a tripula\u00e7\u00e3o segue em rota cont\u00ednua, cada vez mais distante da Terra. Esse per\u00edodo inicial n\u00e3o envolve contato visual com a Lua, mas ajustes de trajet\u00f3ria e testes garantem que tudo funcione perfeitamente.<\/p>\n\n\n\n<p>Nesse momento tamb\u00e9m ocorre a <em>inje\u00e7\u00e3o transluna<\/em>, que \u00e9 o que coloca a tripula\u00e7\u00e3o em rota definitiva para o sat\u00e9lite.<\/p>\n\n\n\n<h2 class=\"wp-block-heading\">Encontro com a Lua<\/h2>\n\n\n\n<p>O instante mais aguardado acontece justamente nesse sexto dia: \u00e9 quando a nave se aproxima ao m\u00e1ximo da Lua, que passa a dominar completamente a vis\u00e3o pelas janelas. Os astronautas estar\u00e3o entre 6.400 e 9.600 quil\u00f4metros acima da Lua.<\/p>\n\n\n\n<p>Tamb\u00e9m \u00e9 durante essa fase que ocorre a perda tempor\u00e1ria de comunica\u00e7\u00e3o ao passar pelo lado oculto do sat\u00e9lite. Para os astronautas, \u00e9 uma experi\u00eancia rara, por\u00e9m eles ficar\u00e3o de 30 a 50 minutos sem comunica\u00e7\u00e3o com a Terra.<\/p>\n\n\n\n<h2 class=\"wp-block-heading\">Depois disso, \u00e9 retorno<\/h2>\n\n\n\n<p>Curiosamente, esse<em> &#8220;chegar \u00e0 Lua&#8221; <\/em>n\u00e3o significa pousar, ou pelo menos n\u00e3o nas primeiras miss\u00f5es tripuladas. Ap\u00f3s o sobrevoo pela Lua, a nave j\u00e1 inicia o caminho de volta, aproveitando a pr\u00f3pria gravidade lunar para retornar.<\/p>\n","protected":false},"excerpt":{"rendered":"<p>A expectativa em torno da miss\u00e3o que pode levar o homem \u00e0 Lua novamente \u00e9 grande. Com o lan\u00e7amento da Artemis nesta quarta-feira (1\u00ba), uma das perguntas mais frequentes \u00e9: em que momento os astronautas chegam \u00e0 Lua? Bom, eles devem ver a Lua de perto por volta do sexto dia de viagem, o que, [&hellip;]<\/p>\n","protected":false},"author":17,"featured_media":23354,"comment_status":"open","ping_status":"open","sticky":false,"template":"","format":"standard","meta":{"jnews-multi-image_gallery":[],"jnews_single_post":{"format":"standard"},"jnews_primary_category":[],"jnews_social_meta":[],"jnews_post_split":[],"footnotes":""},"categories":[1],"tags":[],"class_list":["post-23333","post","type-post","status-publish","format-standard","has-post-thumbnail","hentry","category-uncategorized"],"_links":{"self":[{"href":"https:\/\/diariodepernambuco.audiencelabs.com.br\/wp-json\/wp\/v2\/posts\/23333","targetHints":{"allow":["GET"]}}],"collection":[{"href":"https:\/\/diariodepernambuco.audiencelabs.com.br\/wp-json\/wp\/v2\/posts"}],"about":[{"href":"https:\/\/diariodepernambuco.audiencelabs.com.br\/wp-json\/wp\/v2\/types\/post"}],"author":[{"embeddable":true,"href":"https:\/\/diariodepernambuco.audiencelabs.com.br\/wp-json\/wp\/v2\/users\/17"}],"replies":[{"embeddable":true,"href":"https:\/\/diariodepernambuco.audiencelabs.com.br\/wp-json\/wp\/v2\/comments?post=23333"}],"version-history":[{"count":1,"href":"https:\/\/diariodepernambuco.audiencelabs.com.br\/wp-json\/wp\/v2\/posts\/23333\/revisions"}],"predecessor-version":[{"id":23355,"href":"https:\/\/diariodepernambuco.audiencelabs.com.br\/wp-json\/wp\/v2\/posts\/23333\/revisions\/23355"}],"wp:featuredmedia":[{"embeddable":true,"href":"https:\/\/diariodepernambuco.audiencelabs.com.br\/wp-json\/wp\/v2\/media\/23354"}],"wp:attachment":[{"href":"https:\/\/diariodepernambuco.audiencelabs.com.br\/wp-json\/wp\/v2\/media?parent=23333"}],"wp:term":[{"taxonomy":"category","embeddable":true,"href":"https:\/\/diariodepernambuco.audiencelabs.com.br\/wp-json\/wp\/v2\/categories?post=23333"},{"taxonomy":"post_tag","embeddable":true,"href":"https:\/\/diariodepernambuco.audiencelabs.com.br\/wp-json\/wp\/v2\/tags?post=23333"}],"curies":[{"name":"wp","href":"https:\/\/api.w.org\/{rel}","templated":true}]}}