{"id":23335,"date":"2026-04-02T12:00:00","date_gmt":"2026-04-02T15:00:00","guid":{"rendered":"https:\/\/diariodepernambuco.audiencelabs.com.br\/?p=23335"},"modified":"2026-04-02T09:24:51","modified_gmt":"2026-04-02T12:24:51","slug":"bancos-do-brasil-vao-interromper-atividade-e-fechar-por-4-dias-em-abril","status":"publish","type":"post","link":"https:\/\/diariodepernambuco.audiencelabs.com.br\/bancos-do-brasil-vao-interromper-atividade-e-fechar-por-4-dias-em-abril\/","title":{"rendered":"Bancos do Brasil v\u00e3o interromper atividade e fechar por 3 dias em abril"},"content":{"rendered":"\n<p>Os bancos de todo o Brasil ter\u00e3o uma pausa prolongada nas atividades presenciais durante o m\u00eas de abril, impactando diretamente o atendimento nas ag\u00eancias. O motivo est\u00e1 ligado ao calend\u00e1rio de feriados nacionais, que, combinado com o fim de semana, pode resultar em at\u00e9 quatro dias seguidos sem funcionamento para o p\u00fablico.<\/p>\n\n\n\n<p>O per\u00edodo come\u00e7a na sexta-feira, 3 de abril, feriado da Sexta-feira Santa (Paix\u00e3o de Cristo), quando n\u00e3o h\u00e1 expediente banc\u00e1rio em todo o pa\u00eds. Como as ag\u00eancias tamb\u00e9m n\u00e3o funcionam aos s\u00e1bados e domingos, o atendimento presencial fica suspenso por tr\u00eas dias consecutivos, podendo se estender dependendo da organiza\u00e7\u00e3o interna de algumas unidades.<\/p>\n\n\n\n<p>Na pr\u00e1tica, isso significa que muitos clientes enfrentar\u00e3o dificuldades para realizar servi\u00e7os presenciais nesse intervalo, sendo necess\u00e1rio antecipar pagamentos, saques ou outros procedimentos que exigem ida at\u00e9 uma ag\u00eancia. Vale lembrar que, mesmo durante o fechamento, canais digitais como aplicativos e internet banking continuam funcionando normalmente.<\/p>\n\n\n\n<p>Al\u00e9m disso, o m\u00eas de abril ainda conta com outro feriado importante, o Dia de Tiradentes (21 de abril), o que refor\u00e7a a necessidade de planejamento por parte dos consumidores para evitar atrasos em contas e compromissos financeiros.<\/p>\n\n\n\n<h2 class=\"wp-block-heading\">Pausa no atendimento exige aten\u00e7\u00e3o dos clientes<\/h2>\n\n\n\n<p>Durante os dias sem funcionamento, opera\u00e7\u00f5es como compensa\u00e7\u00e3o de boletos e transfer\u00eancias podem sofrer altera\u00e7\u00f5es nos prazos, principalmente quando dependem de processamento em dias \u00fateis. Por isso, a recomenda\u00e7\u00e3o das institui\u00e7\u00f5es financeiras \u00e9 utilizar meios digitais e se organizar com anteced\u00eancia.<\/p>\n\n\n\n<p>Contas com vencimento em feriados podem ser pagas no pr\u00f3ximo dia \u00fatil sem cobran\u00e7a de juros, mas tributos e impostos geralmente precisam ser quitados antes da data limite. Com o calend\u00e1rio de abril trazendo uma sequ\u00eancia de dias sem atendimento, o planejamento financeiro se torna essencial para evitar transtornos.<\/p>\n\n\n\n<p><\/p>\n","protected":false},"excerpt":{"rendered":"<p>Os bancos de todo o Brasil ter\u00e3o uma pausa prolongada nas atividades presenciais durante o m\u00eas de abril, impactando diretamente o atendimento nas ag\u00eancias. O motivo est\u00e1 ligado ao calend\u00e1rio de feriados nacionais, que, combinado com o fim de semana, pode resultar em at\u00e9 quatro dias seguidos sem funcionamento para o p\u00fablico. O per\u00edodo come\u00e7a [&hellip;]<\/p>\n","protected":false},"author":4,"featured_media":20217,"comment_status":"open","ping_status":"open","sticky":false,"template":"","format":"standard","meta":{"jnews-multi-image_gallery":[],"jnews_single_post":{"format":"standard"},"jnews_primary_category":[],"jnews_social_meta":[],"jnews_post_split":[],"footnotes":""},"categories":[1],"tags":[],"class_list":["post-23335","post","type-post","status-publish","format-standard","has-post-thumbnail","hentry","category-uncategorized"],"_links":{"self":[{"href":"https:\/\/diariodepernambuco.audiencelabs.com.br\/wp-json\/wp\/v2\/posts\/23335","targetHints":{"allow":["GET"]}}],"collection":[{"href":"https:\/\/diariodepernambuco.audiencelabs.com.br\/wp-json\/wp\/v2\/posts"}],"about":[{"href":"https:\/\/diariodepernambuco.audiencelabs.com.br\/wp-json\/wp\/v2\/types\/post"}],"author":[{"embeddable":true,"href":"https:\/\/diariodepernambuco.audiencelabs.com.br\/wp-json\/wp\/v2\/users\/4"}],"replies":[{"embeddable":true,"href":"https:\/\/diariodepernambuco.audiencelabs.com.br\/wp-json\/wp\/v2\/comments?post=23335"}],"version-history":[{"count":4,"href":"https:\/\/diariodepernambuco.audiencelabs.com.br\/wp-json\/wp\/v2\/posts\/23335\/revisions"}],"predecessor-version":[{"id":23340,"href":"https:\/\/diariodepernambuco.audiencelabs.com.br\/wp-json\/wp\/v2\/posts\/23335\/revisions\/23340"}],"wp:featuredmedia":[{"embeddable":true,"href":"https:\/\/diariodepernambuco.audiencelabs.com.br\/wp-json\/wp\/v2\/media\/20217"}],"wp:attachment":[{"href":"https:\/\/diariodepernambuco.audiencelabs.com.br\/wp-json\/wp\/v2\/media?parent=23335"}],"wp:term":[{"taxonomy":"category","embeddable":true,"href":"https:\/\/diariodepernambuco.audiencelabs.com.br\/wp-json\/wp\/v2\/categories?post=23335"},{"taxonomy":"post_tag","embeddable":true,"href":"https:\/\/diariodepernambuco.audiencelabs.com.br\/wp-json\/wp\/v2\/tags?post=23335"}],"curies":[{"name":"wp","href":"https:\/\/api.w.org\/{rel}","templated":true}]}}