{"id":23347,"date":"2026-04-03T13:30:00","date_gmt":"2026-04-03T16:30:00","guid":{"rendered":"https:\/\/diariodepernambuco.audiencelabs.com.br\/?p=23347"},"modified":"2026-04-02T09:47:46","modified_gmt":"2026-04-02T12:47:46","slug":"ancelotti-decide-nao-chamar-endrick-e-opta-por-nome-ingles-para-se-referir-ao-jogador","status":"publish","type":"post","link":"https:\/\/diariodepernambuco.audiencelabs.com.br\/ancelotti-decide-nao-chamar-endrick-e-opta-por-nome-ingles-para-se-referir-ao-jogador\/","title":{"rendered":"Ancelotti decide n\u00e3o chamar Endrick e opta por nome ingl\u00eas para se referir ao jogador"},"content":{"rendered":"\n<p>O Brasil encarou a Cro\u00e1cia em seu \u00faltimo amistoso preparat\u00f3rio antes da convoca\u00e7\u00e3o final para a Copa do Mundo e venceu por 3 a 1, com gols de Danilo, Igor Thiago e Martinelli. No entanto, quem mais chamou aten\u00e7\u00e3o foi o jovem Endrick que, mesmo entrando nos minutos finais, sofreu um p\u00eanalti e ainda contribuiu com uma assist\u00eancia.<\/p>\n\n\n\n<p>A boa atua\u00e7\u00e3o do atacante, atualmente defendendo as cores do Lyon por empr\u00e9stimo do Real Madrid, reascendeu um velho debate: Endrick e Carlo Ancelotti n\u00e3o se d\u00e3o bem? A pol\u00eamica vem desde os tempos que o italiano comandava o jogador no clube espanhol. Por l\u00e1, Endrick raramente ganhava oportunidades com o experiente treinador.<\/p>\n\n\n\n<p>O pr\u00f3prio Endrick tratou de encerrar a pol\u00eamica. Em entrevista ao ge.globo, o atacante garantiu ter um bom relacionamento com Ancelotti. Como exemplo, o jogador revelou que a comiss\u00e3o t\u00e9cnica do treinador passou a cham\u00e1-lo de \u201cBobby\u201d, apelido que recebeu dos companheiros ap\u00f3s uma entrevista em que demonstrou admira\u00e7\u00e3o pela lenda inglesa Bobby Charlton.<\/p>\n\n\n\n<p>\u201cA gente \u00e9 muito pr\u00f3ximo. N\u00e3o s\u00f3 com o Ancelotti, mas com o Davide, com o Francesco\u2026 A gente tem uma amizade muito boa. Tanto \u00e9 que eles nem me chamam de Endrick. Me chamam de Bobby. Porque gostam muito de mim\u201d, disse.<\/p>\n\n\n\n<h2 class=\"wp-block-heading\">Ancelotti admite d\u00favida ap\u00f3s atua\u00e7\u00e3o de Endrick<\/h2>\n\n\n\n<p>Apesar do destaque na vit\u00f3ria sobre a Cro\u00e1cia, Endrick n\u00e3o foi o escolhido para cobrar o p\u00eanalti, decis\u00e3o explicada por Carlo Ancelotti como parte de uma hierarquia j\u00e1 definida na equipe. O treinador tamb\u00e9m admitiu que o desempenho do jovem aumentou as d\u00favidas para a convoca\u00e7\u00e3o final, refor\u00e7ando a forte concorr\u00eancia no setor ofensivo da Sele\u00e7\u00e3o Brasileira.<\/p>\n\n\n\n<p>Mesmo assim, Ancelotti fez quest\u00e3o de elogiar a postura e o impacto do atacante em campo, destacando sua capacidade de mudar o jogo em poucos minutos. A atua\u00e7\u00e3o diante dos croatas acabou fortalecendo a candidatura de Endrick, que segue ganhando espa\u00e7o e colocando press\u00e3o na disputa por uma vaga na Copa do Mundo.<\/p>\n\n\n\n<p><\/p>\n","protected":false},"excerpt":{"rendered":"<p>O Brasil encarou a Cro\u00e1cia em seu \u00faltimo amistoso preparat\u00f3rio antes da convoca\u00e7\u00e3o final para a Copa do Mundo e venceu por 3 a 1, com gols de Danilo, Igor Thiago e Martinelli. No entanto, quem mais chamou aten\u00e7\u00e3o foi o jovem Endrick que, mesmo entrando nos minutos finais, sofreu um p\u00eanalti e ainda contribuiu [&hellip;]<\/p>\n","protected":false},"author":4,"featured_media":23349,"comment_status":"open","ping_status":"open","sticky":false,"template":"","format":"standard","meta":{"jnews-multi-image_gallery":[],"jnews_single_post":{"format":"standard"},"jnews_primary_category":[],"jnews_social_meta":[],"jnews_post_split":[],"footnotes":""},"categories":[1],"tags":[],"class_list":["post-23347","post","type-post","status-publish","format-standard","has-post-thumbnail","hentry","category-uncategorized"],"_links":{"self":[{"href":"https:\/\/diariodepernambuco.audiencelabs.com.br\/wp-json\/wp\/v2\/posts\/23347","targetHints":{"allow":["GET"]}}],"collection":[{"href":"https:\/\/diariodepernambuco.audiencelabs.com.br\/wp-json\/wp\/v2\/posts"}],"about":[{"href":"https:\/\/diariodepernambuco.audiencelabs.com.br\/wp-json\/wp\/v2\/types\/post"}],"author":[{"embeddable":true,"href":"https:\/\/diariodepernambuco.audiencelabs.com.br\/wp-json\/wp\/v2\/users\/4"}],"replies":[{"embeddable":true,"href":"https:\/\/diariodepernambuco.audiencelabs.com.br\/wp-json\/wp\/v2\/comments?post=23347"}],"version-history":[{"count":3,"href":"https:\/\/diariodepernambuco.audiencelabs.com.br\/wp-json\/wp\/v2\/posts\/23347\/revisions"}],"predecessor-version":[{"id":23353,"href":"https:\/\/diariodepernambuco.audiencelabs.com.br\/wp-json\/wp\/v2\/posts\/23347\/revisions\/23353"}],"wp:featuredmedia":[{"embeddable":true,"href":"https:\/\/diariodepernambuco.audiencelabs.com.br\/wp-json\/wp\/v2\/media\/23349"}],"wp:attachment":[{"href":"https:\/\/diariodepernambuco.audiencelabs.com.br\/wp-json\/wp\/v2\/media?parent=23347"}],"wp:term":[{"taxonomy":"category","embeddable":true,"href":"https:\/\/diariodepernambuco.audiencelabs.com.br\/wp-json\/wp\/v2\/categories?post=23347"},{"taxonomy":"post_tag","embeddable":true,"href":"https:\/\/diariodepernambuco.audiencelabs.com.br\/wp-json\/wp\/v2\/tags?post=23347"}],"curies":[{"name":"wp","href":"https:\/\/api.w.org\/{rel}","templated":true}]}}